{"id":603,"date":"2022-11-03T07:39:09","date_gmt":"2022-11-03T10:39:09","guid":{"rendered":"https:\/\/www.ufsm.br\/orgaos-suplementares\/ru\/?p=603"},"modified":"2022-11-03T09:48:34","modified_gmt":"2022-11-03T12:48:34","slug":"almoco-do-dia-03-de-novembro-cancelado","status":"publish","type":"post","link":"https:\/\/www.ufsm.br\/orgaos-suplementares\/ru\/2022\/11\/03\/almoco-do-dia-03-de-novembro-cancelado","title":{"rendered":"Almo\u00e7o do dia 03 de novembro CANCELADO."},"content":{"rendered":"\n<p>A dire\u00e7\u00e3o do Restaurante Universit\u00e1rio informa que est\u00e1 cancelado o fornecimento de almo\u00e7o no dia 03 de novembro. O cancelamento \u00e9 v\u00e1lido para as duas unidades do RU no campus Santa Maria.<\/p>\n<p>Motivo problemas t\u00e9cnicos no vaporizador de GLP na central de g\u00e1s, impedindo o abastecimento na cozinha do restaurante.<\/p>\n","protected":false},"excerpt":{"rendered":"<p>A dire\u00e7\u00e3o do Restaurante Universit\u00e1rio informa que est\u00e1 cancelado o fornecimento de almo\u00e7o no dia 03 de novembro. O cancelamento \u00e9 v\u00e1lido para as duas unidades do RU no campus Santa Maria. Motivo problemas t\u00e9cnicos no vaporizador de GLP na central de g\u00e1s, impedindo o abastecimento na cozinha do restaurante.<\/p>\n","protected":false},"author":5814,"featured_media":0,"comment_status":"closed","ping_status":"closed","sticky":false,"template":"","format":"standard","meta":{"footnotes":""},"categories":[1],"tags":[],"class_list":["post-603","post","type-post","status-publish","format-standard","hentry","category-noticias"],"acf":[],"_links":{"self":[{"href":"https:\/\/www.ufsm.br\/orgaos-suplementares\/ru\/wp-json\/wp\/v2\/posts\/603","targetHints":{"allow":["GET"]}}],"collection":[{"href":"https:\/\/www.ufsm.br\/orgaos-suplementares\/ru\/wp-json\/wp\/v2\/posts"}],"about":[{"href":"https:\/\/www.ufsm.br\/orgaos-suplementares\/ru\/wp-json\/wp\/v2\/types\/post"}],"author":[{"embeddable":true,"href":"https:\/\/www.ufsm.br\/orgaos-suplementares\/ru\/wp-json\/wp\/v2\/users\/5814"}],"replies":[{"embeddable":true,"href":"https:\/\/www.ufsm.br\/orgaos-suplementares\/ru\/wp-json\/wp\/v2\/comments?post=603"}],"version-history":[{"count":0,"href":"https:\/\/www.ufsm.br\/orgaos-suplementares\/ru\/wp-json\/wp\/v2\/posts\/603\/revisions"}],"wp:attachment":[{"href":"https:\/\/www.ufsm.br\/orgaos-suplementares\/ru\/wp-json\/wp\/v2\/media?parent=603"}],"wp:term":[{"taxonomy":"category","embeddable":true,"href":"https:\/\/www.ufsm.br\/orgaos-suplementares\/ru\/wp-json\/wp\/v2\/categories?post=603"},{"taxonomy":"post_tag","embeddable":true,"href":"https:\/\/www.ufsm.br\/orgaos-suplementares\/ru\/wp-json\/wp\/v2\/tags?post=603"}],"curies":[{"name":"wp","href":"https:\/\/api.w.org\/{rel}","templated":true}]}}