{"id":605,"date":"2022-11-03T17:43:55","date_gmt":"2022-11-03T20:43:55","guid":{"rendered":"https:\/\/www.ufsm.br\/orgaos-suplementares\/ru\/?p=605"},"modified":"2022-11-03T17:43:56","modified_gmt":"2022-11-03T20:43:56","slug":"ru-volta-atender-normalmente-nesta-sexta-feira","status":"publish","type":"post","link":"https:\/\/www.ufsm.br\/orgaos-suplementares\/ru\/2022\/11\/03\/ru-volta-atender-normalmente-nesta-sexta-feira","title":{"rendered":"RU volta atender normalmente nesta sexta-feira"},"content":{"rendered":"\n<p style=\"text-align: justify\">O Restaurante Universit\u00e1rio (RU) informa que, o problema t\u00e9cnico ocorrido no vaporizador de g\u00e1s foi consertado agora a tarde e que nesta sexta-feira (04\/11) ser\u00e1 fornecido normalmente as tr\u00eas refei\u00e7\u00f5es di\u00e1rias (caf\u00e9 da manh\u00e3, almo\u00e7o e jantar), nas unidades RU Campus I e RU Campus II, mediante agendamento obrigat\u00f3rio, realizado no <a href=\"https:\/\/portal.ufsm.br\/ru\/usuario\/agendamento\/form.html\">Portal RU<\/a> ou no aplicativo <a href=\"https:\/\/www.ufsm.br\/orgaos-suplementares\/cpd\/servicos\/aplicativo-ufsm-digital\/\">UFSM Digital<\/a>.\u00a0<\/p>\n<p>\u00a0<\/p>\n<p>\u00a0<\/p>\n<p>\u00a0<\/p>\n<p>\u00a0<\/p>\n","protected":false},"excerpt":{"rendered":"<p>O Restaurante Universit\u00e1rio (RU) informa que, o problema t\u00e9cnico ocorrido no vaporizador de g\u00e1s foi consertado agora a tarde e que nesta sexta-feira (04\/11) ser\u00e1 fornecido normalmente as tr\u00eas refei\u00e7\u00f5es di\u00e1rias (caf\u00e9 da manh\u00e3, almo\u00e7o e jantar), nas unidades RU Campus I e RU Campus II, mediante agendamento obrigat\u00f3rio, realizado no Portal RU ou no [&hellip;]<\/p>\n","protected":false},"author":323,"featured_media":0,"comment_status":"closed","ping_status":"closed","sticky":false,"template":"","format":"standard","meta":{"footnotes":""},"categories":[1],"tags":[],"class_list":["post-605","post","type-post","status-publish","format-standard","hentry","category-noticias"],"acf":[],"_links":{"self":[{"href":"https:\/\/www.ufsm.br\/orgaos-suplementares\/ru\/wp-json\/wp\/v2\/posts\/605","targetHints":{"allow":["GET"]}}],"collection":[{"href":"https:\/\/www.ufsm.br\/orgaos-suplementares\/ru\/wp-json\/wp\/v2\/posts"}],"about":[{"href":"https:\/\/www.ufsm.br\/orgaos-suplementares\/ru\/wp-json\/wp\/v2\/types\/post"}],"author":[{"embeddable":true,"href":"https:\/\/www.ufsm.br\/orgaos-suplementares\/ru\/wp-json\/wp\/v2\/users\/323"}],"replies":[{"embeddable":true,"href":"https:\/\/www.ufsm.br\/orgaos-suplementares\/ru\/wp-json\/wp\/v2\/comments?post=605"}],"version-history":[{"count":0,"href":"https:\/\/www.ufsm.br\/orgaos-suplementares\/ru\/wp-json\/wp\/v2\/posts\/605\/revisions"}],"wp:attachment":[{"href":"https:\/\/www.ufsm.br\/orgaos-suplementares\/ru\/wp-json\/wp\/v2\/media?parent=605"}],"wp:term":[{"taxonomy":"category","embeddable":true,"href":"https:\/\/www.ufsm.br\/orgaos-suplementares\/ru\/wp-json\/wp\/v2\/categories?post=605"},{"taxonomy":"post_tag","embeddable":true,"href":"https:\/\/www.ufsm.br\/orgaos-suplementares\/ru\/wp-json\/wp\/v2\/tags?post=605"}],"curies":[{"name":"wp","href":"https:\/\/api.w.org\/{rel}","templated":true}]}}