{"id":625,"date":"2022-12-05T09:54:59","date_gmt":"2022-12-05T12:54:59","guid":{"rendered":"https:\/\/www.ufsm.br\/orgaos-suplementares\/ru\/?p=625"},"modified":"2022-12-05T09:55:00","modified_gmt":"2022-12-05T12:55:00","slug":"atencao-hoje-dia-05-12-o-ru-nao-servira-jantar","status":"publish","type":"post","link":"https:\/\/www.ufsm.br\/orgaos-suplementares\/ru\/2022\/12\/05\/atencao-hoje-dia-05-12-o-ru-nao-servira-jantar","title":{"rendered":"Aten\u00e7\u00e3o! Hoje dia 05\/12 o RU n\u00e3o servir\u00e1 jantar."},"content":{"rendered":"\n\n\n<p>A dire\u00e7\u00e3o do Restaurante Universit\u00e1rio informa que no dia de hoje, 05 de dezembro, n\u00e3o ser\u00e1 servido jantar no refeit\u00f3rio. Para esta ocasi\u00e3o, j\u00e1 foi entregue <strong>Kit distribui\u00e7\u00e3o &#8211; jantar<\/strong> de forma antecipada no s\u00e1bado dia 03 de dezembro.<\/p>\n<p>O almo\u00e7o no dia 05 de dezembro ser\u00e1 servido normalmente.<\/p>\n","protected":false},"excerpt":{"rendered":"<p>A dire\u00e7\u00e3o do Restaurante Universit\u00e1rio informa que no dia de hoje, 05 de dezembro, n\u00e3o ser\u00e1 servido jantar no refeit\u00f3rio. Para esta ocasi\u00e3o, j\u00e1 foi entregue Kit distribui\u00e7\u00e3o &#8211; jantar de forma antecipada no s\u00e1bado dia 03 de dezembro. O almo\u00e7o no dia 05 de dezembro ser\u00e1 servido normalmente.<\/p>\n","protected":false},"author":5814,"featured_media":0,"comment_status":"closed","ping_status":"closed","sticky":false,"template":"","format":"standard","meta":{"footnotes":""},"categories":[1],"tags":[],"class_list":["post-625","post","type-post","status-publish","format-standard","hentry","category-noticias"],"acf":[],"_links":{"self":[{"href":"https:\/\/www.ufsm.br\/orgaos-suplementares\/ru\/wp-json\/wp\/v2\/posts\/625","targetHints":{"allow":["GET"]}}],"collection":[{"href":"https:\/\/www.ufsm.br\/orgaos-suplementares\/ru\/wp-json\/wp\/v2\/posts"}],"about":[{"href":"https:\/\/www.ufsm.br\/orgaos-suplementares\/ru\/wp-json\/wp\/v2\/types\/post"}],"author":[{"embeddable":true,"href":"https:\/\/www.ufsm.br\/orgaos-suplementares\/ru\/wp-json\/wp\/v2\/users\/5814"}],"replies":[{"embeddable":true,"href":"https:\/\/www.ufsm.br\/orgaos-suplementares\/ru\/wp-json\/wp\/v2\/comments?post=625"}],"version-history":[{"count":0,"href":"https:\/\/www.ufsm.br\/orgaos-suplementares\/ru\/wp-json\/wp\/v2\/posts\/625\/revisions"}],"wp:attachment":[{"href":"https:\/\/www.ufsm.br\/orgaos-suplementares\/ru\/wp-json\/wp\/v2\/media?parent=625"}],"wp:term":[{"taxonomy":"category","embeddable":true,"href":"https:\/\/www.ufsm.br\/orgaos-suplementares\/ru\/wp-json\/wp\/v2\/categories?post=625"},{"taxonomy":"post_tag","embeddable":true,"href":"https:\/\/www.ufsm.br\/orgaos-suplementares\/ru\/wp-json\/wp\/v2\/tags?post=625"}],"curies":[{"name":"wp","href":"https:\/\/api.w.org\/{rel}","templated":true}]}}