{"id":627,"date":"2022-12-07T08:28:19","date_gmt":"2022-12-07T11:28:19","guid":{"rendered":"https:\/\/www.ufsm.br\/orgaos-suplementares\/ru\/?p=627"},"modified":"2022-12-07T08:28:20","modified_gmt":"2022-12-07T11:28:20","slug":"nota-a-comunidade-ufsm-nao-tem-recurso-para-pagamento-de-bolsas-e-de-despesas","status":"publish","type":"post","link":"https:\/\/www.ufsm.br\/orgaos-suplementares\/ru\/2022\/12\/07\/nota-a-comunidade-ufsm-nao-tem-recurso-para-pagamento-de-bolsas-e-de-despesas","title":{"rendered":"Nota \u00e0 comunidade: UFSM n\u00e3o tem recurso para pagamento de bolsas e de despesas"},"content":{"rendered":"\n<p style=\"text-align: justify\">Com o corte de R$ 2,14 milh\u00f5es da Lei Or\u00e7ament\u00e1ria Anual (LOA) somados aos R$ 9,3 milh\u00f5es cortados em julho deste ano pelo Governo Federal, a situa\u00e7\u00e3o financeira da UFSM se agravou. Al\u00e9m disso, com o\u00a0<a href=\"http:\/\/www.planalto.gov.br\/ccivil_03\/_Ato2019-2022\/2022\/Decreto\/D11269.htm\" target=\"_blank\" rel=\"noopener\">decreto 11.269<\/a>, de 30 de novembro de 2022, n\u00e3o haver\u00e1 repasse financeiro para honrar os empenhos j\u00e1 efetuados na institui\u00e7\u00e3o.\u00a0<\/p>\n<p style=\"text-align: justify\">A principal consequ\u00eancia disso \u00e9 a impossibilidade de pagamento de bolsas estudantis, aux\u00edlios, entre outros benef\u00edcios. Somente em bolsas mantidas pela UFSM, trata-se de mais de R$ 600 mil, al\u00e9m de outras bolsas mantidas pela CAPES, como resid\u00eancia multiprofissional e de mestrado\/doutorado, para as quais n\u00e3o h\u00e1 garantia de pagamento no momento.<\/p>\n<p>As despesas de dezembro tamb\u00e9m ser\u00e3o prejudicadas, pois n\u00e3o h\u00e1 previs\u00e3o de repasse por parte do Minist\u00e9rio da Economia.\u00a0<\/p>\n<p style=\"text-align: justify\">A UFSM busca, em conjunto com entidades e inst\u00e2ncias representativas, como a Associa\u00e7\u00e3o Nacional dos Dirigentes de Institui\u00e7\u00f5es Federais de Ensino Superior (Andifes) e F\u00f3rum Nacional de Pr\u00f3-Reitores de Planejamento e de Administra\u00e7\u00e3o (Forplad), reverter a situa\u00e7\u00e3o para que pelo menos os recursos de assist\u00eancia estudantil sejam garantidos.<\/p>\n<p>\u00a0<\/p>\n<p>Conte\u00fado postado originalmente em:\u00a0<a href=\"https:\/\/ufsm.br\/r-1-60716\" target=\"_blank\" rel=\"noopener\">https:\/\/ufsm.br\/r-1-60716<\/a><\/p>\n<p>\u00a0<\/p>\n<p>\u00a0<\/p>\n<p>\u00a0<\/p>\n<p>\u00a0<\/p>\n","protected":false},"excerpt":{"rendered":"<p>Com o corte de R$ 2,14 milh\u00f5es da Lei Or\u00e7ament\u00e1ria Anual (LOA) somados aos R$ 9,3 milh\u00f5es cortados em julho deste ano pelo Governo Federal, a situa\u00e7\u00e3o financeira da UFSM se agravou. Al\u00e9m disso, com o\u00a0decreto 11.269, de 30 de novembro de 2022, n\u00e3o haver\u00e1 repasse financeiro para honrar os empenhos j\u00e1 efetuados na institui\u00e7\u00e3o.\u00a0 [&hellip;]<\/p>\n","protected":false},"author":5814,"featured_media":0,"comment_status":"closed","ping_status":"closed","sticky":false,"template":"","format":"standard","meta":{"footnotes":""},"categories":[1],"tags":[],"class_list":["post-627","post","type-post","status-publish","format-standard","hentry","category-noticias"],"acf":[],"_links":{"self":[{"href":"https:\/\/www.ufsm.br\/orgaos-suplementares\/ru\/wp-json\/wp\/v2\/posts\/627","targetHints":{"allow":["GET"]}}],"collection":[{"href":"https:\/\/www.ufsm.br\/orgaos-suplementares\/ru\/wp-json\/wp\/v2\/posts"}],"about":[{"href":"https:\/\/www.ufsm.br\/orgaos-suplementares\/ru\/wp-json\/wp\/v2\/types\/post"}],"author":[{"embeddable":true,"href":"https:\/\/www.ufsm.br\/orgaos-suplementares\/ru\/wp-json\/wp\/v2\/users\/5814"}],"replies":[{"embeddable":true,"href":"https:\/\/www.ufsm.br\/orgaos-suplementares\/ru\/wp-json\/wp\/v2\/comments?post=627"}],"version-history":[{"count":0,"href":"https:\/\/www.ufsm.br\/orgaos-suplementares\/ru\/wp-json\/wp\/v2\/posts\/627\/revisions"}],"wp:attachment":[{"href":"https:\/\/www.ufsm.br\/orgaos-suplementares\/ru\/wp-json\/wp\/v2\/media?parent=627"}],"wp:term":[{"taxonomy":"category","embeddable":true,"href":"https:\/\/www.ufsm.br\/orgaos-suplementares\/ru\/wp-json\/wp\/v2\/categories?post=627"},{"taxonomy":"post_tag","embeddable":true,"href":"https:\/\/www.ufsm.br\/orgaos-suplementares\/ru\/wp-json\/wp\/v2\/tags?post=627"}],"curies":[{"name":"wp","href":"https:\/\/api.w.org\/{rel}","templated":true}]}}