{"id":632,"date":"2022-12-16T09:58:01","date_gmt":"2022-12-16T12:58:01","guid":{"rendered":"https:\/\/www.ufsm.br\/orgaos-suplementares\/ru\/?p=632"},"modified":"2022-12-16T09:59:05","modified_gmt":"2022-12-16T12:59:05","slug":"reunioes-estrategicas-entre-gestao-equipe-de-fiscalizacao-e-empresa-terceirizada-dos-rus","status":"publish","type":"post","link":"https:\/\/www.ufsm.br\/orgaos-suplementares\/ru\/2022\/12\/16\/reunioes-estrategicas-entre-gestao-equipe-de-fiscalizacao-e-empresa-terceirizada-dos-rus","title":{"rendered":"Reuni\u00f5es estrat\u00e9gicas entre Gest\u00e3o, Equipe de Fiscaliza\u00e7\u00e3o e empresa terceirizada dos RUs"},"content":{"rendered":"\t\t<div data-elementor-type=\"wp-post\" data-elementor-id=\"632\" class=\"elementor elementor-632\">\n\t\t\t\t\t\t<section class=\"elementor-section elementor-top-section elementor-element elementor-element-50e880c1 elementor-section-boxed elementor-section-height-default elementor-section-height-default\" data-id=\"50e880c1\" data-element_type=\"section\">\n\t\t\t\t\t\t<div class=\"elementor-container elementor-column-gap-default\">\n\t\t\t\t\t<div class=\"elementor-column elementor-col-100 elementor-top-column elementor-element elementor-element-1716db15\" data-id=\"1716db15\" data-element_type=\"column\">\n\t\t\t<div class=\"elementor-widget-wrap elementor-element-populated\">\n\t\t\t\t\t\t<div class=\"elementor-element elementor-element-54714653 elementor-widget elementor-widget-text-editor\" data-id=\"54714653\" data-element_type=\"widget\" data-widget_type=\"text-editor.default\">\n\t\t\t\t<div class=\"elementor-widget-container\">\n\t\t\t\t\t\t\t<!-- wp:tadv\/classic-paragraph -->\n<p style=\"text-align: justify\">Desde a assinatura do <a href=\"https:\/\/www.ufsm.br\/app\/uploads\/sites\/398\/2022\/07\/Contrato_020_2020_RU.pdf\" target=\"_blank\" rel=\"noopener\">contrato n\u00ba 20\/2020<\/a> , a empresa ISM Gomes de Mattos Eireli, com sede em Fortaleza \u2013 CE assumiu a responsabilidade pelo fornecimento dos servi\u00e7os de alimenta\u00e7\u00e3o e nutri\u00e7\u00e3o nos RUs localizados no Campus sede da UFSM. O contrato prev\u00ea al\u00e9m do fornecimento dos referidos servi\u00e7os, a conclus\u00e3o das obras da nova cozinha do restaurante, a aquisi\u00e7\u00e3o de equipamentos e a contrata\u00e7\u00e3o da m\u00e3o de obra para o pleno funcionamento das unidades.<\/p>\n<p style=\"text-align: justify\">Neste novo contexto, cabe aos servidores da UFSM lotados no RU realizar a gest\u00e3o e a fiscaliza\u00e7\u00e3o das atividades para garantir que o contrato seja cumprido de forma integral, ou seja, atendendo com excel\u00eancia os usu\u00e1rios dos RUs, mantendo o zelo pelas instala\u00e7\u00f5es f\u00edsicas das unidades bem como dos equipamentos e tamb\u00e9m atuando de acordo com boas pr\u00e1ticas de manipula\u00e7\u00e3o de alimentos e ambientais.<\/p>\n<p>Os servidores foram distribu\u00eddos em tr\u00eas eixos de fiscaliza\u00e7\u00e3o, sendo:<\/p>\n<ul style=\"list-style-type: square\">\n<li>Eixo Administrativo e Financeiro;<\/li>\n<li>Eixo de Alimenta\u00e7\u00e3o e Nutri\u00e7\u00e3o;<\/li>\n<li>Eixo de Manuten\u00e7\u00e3o e Patrim\u00f4nio.<\/li>\n<\/ul>\n<p>Assim, visando garantir a qualidade do servi\u00e7o prestado ao usu\u00e1rio e integrar as equipes, s\u00e3o realizadas periodicamente reuni\u00f5es entre a Gest\u00e3o do contrato, os Eixos de Fiscaliza\u00e7\u00e3o da UFSM e a empresa contratada.<\/p>\n<p style=\"text-align: justify\">Nestes encontros s\u00e3o debatidas quest\u00f5es inerentes a rotina do servi\u00e7o e tra\u00e7adas as metas, tanto para o melhor funcionamento das etapas operacionais dos restaurantes, quanto para o atendimento do usu\u00e1rio dos RUs, sempre com foco em atender plenamente um dos principais pilares do Programa de Assist\u00eancia Estudantil da UFSM.<\/p>\n<p>Registro dos \u00faltimos encontros:<\/p>\n<p>\u00a0<\/p>\n<!-- \/wp:tadv\/classic-paragraph -->\t\t\t\t\t\t<\/div>\n\t\t\t\t<\/div>\n\t\t\t\t\t<\/div>\n\t\t<\/div>\n\t\t\t\t\t<\/div>\n\t\t<\/section>\n\t\t\t\t<section class=\"elementor-section elementor-top-section elementor-element elementor-element-18f8699 elementor-section-boxed elementor-section-height-default elementor-section-height-default\" data-id=\"18f8699\" data-element_type=\"section\">\n\t\t\t\t\t\t<div class=\"elementor-container elementor-column-gap-default\">\n\t\t\t\t\t<div class=\"elementor-column elementor-col-100 elementor-top-column elementor-element elementor-element-89dd057\" data-id=\"89dd057\" data-element_type=\"column\">\n\t\t\t<div class=\"elementor-widget-wrap elementor-element-populated\">\n\t\t\t\t\t\t<div class=\"elementor-element elementor-element-4e1f0f5 elementor-widget elementor-widget-image-gallery\" data-id=\"4e1f0f5\" data-element_type=\"widget\" data-widget_type=\"image-gallery.default\">\n\t\t\t\t<div class=\"elementor-widget-container\">\n\t\t\t\t\t<div class=\"elementor-image-gallery\">\n\t\t\t<div id='gallery-1' class='gallery galleryid-632 gallery-columns-2 gallery-size-thumbnail'><figure class='gallery-item'>\n\t\t\t<div class='gallery-icon landscape'>\n\t\t\t\t<a data-elementor-open-lightbox=\"yes\" data-elementor-lightbox-slideshow=\"4e1f0f5\" data-elementor-lightbox-title=\"IMG-20221206-WA0001\" data-elementor-lightbox-description=\"Reuni\u00e3o 08 de Agosto\" data-e-action-hash=\"#elementor-action%3Aaction%3Dlightbox%26settings%3DeyJpZCI6NjM0LCJ1cmwiOiJodHRwczpcL1wvd3d3LnVmc20uYnJcL2FwcFwvdXBsb2Fkc1wvc2l0ZXNcLzM5OFwvMjAyMlwvMTJcL0lNRy0yMDIyMTIwNi1XQTAwMDEuanBnIiwic2xpZGVzaG93IjoiNGUxZjBmNSJ9\" href='https:\/\/www.ufsm.br\/app\/uploads\/sites\/398\/2022\/12\/IMG-20221206-WA0001.jpg'><img decoding=\"async\" width=\"150\" height=\"150\" src=\"https:\/\/www.ufsm.br\/app\/uploads\/sites\/398\/2022\/12\/IMG-20221206-WA0001-150x150.jpg\" class=\"attachment-thumbnail size-thumbnail\" alt=\"Reuni\u00e3o 08 de Agosto\" aria-describedby=\"gallery-1-634\" \/><\/a>\n\t\t\t<\/div>\n\t\t\t\t<figcaption class='wp-caption-text gallery-caption' id='gallery-1-634'>\n\t\t\t\tReuni\u00e3o 08 de Agosto\n\t\t\t\t<\/figcaption><\/figure><figure class='gallery-item'>\n\t\t\t<div class='gallery-icon landscape'>\n\t\t\t\t<a data-elementor-open-lightbox=\"yes\" data-elementor-lightbox-slideshow=\"4e1f0f5\" data-elementor-lightbox-title=\"IMG-20221206-WA0002\" data-elementor-lightbox-description=\"Reuni\u00e3o 11 de novembro.\" data-e-action-hash=\"#elementor-action%3Aaction%3Dlightbox%26settings%3DeyJpZCI6NjMzLCJ1cmwiOiJodHRwczpcL1wvd3d3LnVmc20uYnJcL2FwcFwvdXBsb2Fkc1wvc2l0ZXNcLzM5OFwvMjAyMlwvMTJcL0lNRy0yMDIyMTIwNi1XQTAwMDIuanBnIiwic2xpZGVzaG93IjoiNGUxZjBmNSJ9\" href='https:\/\/www.ufsm.br\/app\/uploads\/sites\/398\/2022\/12\/IMG-20221206-WA0002.jpg'><img decoding=\"async\" width=\"150\" height=\"150\" src=\"https:\/\/www.ufsm.br\/app\/uploads\/sites\/398\/2022\/12\/IMG-20221206-WA0002-150x150.jpg\" class=\"attachment-thumbnail size-thumbnail\" alt=\"Reuni\u00e3o 11 de novembro.\" aria-describedby=\"gallery-1-633\" \/><\/a>\n\t\t\t<\/div>\n\t\t\t\t<figcaption class='wp-caption-text gallery-caption' id='gallery-1-633'>\n\t\t\t\tReuni\u00e3o 11 de novembro.\n\t\t\t\t<\/figcaption><\/figure>\n\t\t<\/div>\n\t\t<\/div>\n\t\t\t\t<\/div>\n\t\t\t\t<\/div>\n\t\t\t\t\t<\/div>\n\t\t<\/div>\n\t\t\t\t\t<\/div>\n\t\t<\/section>\n\t\t\t\t<\/div>\n\t\t","protected":false},"excerpt":{"rendered":"<p>Desde a assinatura do contrato n\u00ba 20\/2020 , a empresa ISM Gomes de Mattos Eireli, com sede em Fortaleza \u2013 CE assumiu a responsabilidade pelo fornecimento dos servi\u00e7os de alimenta\u00e7\u00e3o e nutri\u00e7\u00e3o nos RUs localizados no Campus sede da UFSM. O contrato prev\u00ea al\u00e9m do fornecimento dos referidos servi\u00e7os, a conclus\u00e3o das obras da nova [&hellip;]<\/p>\n","protected":false},"author":5814,"featured_media":0,"comment_status":"closed","ping_status":"closed","sticky":false,"template":"","format":"standard","meta":{"footnotes":""},"categories":[1],"tags":[],"class_list":["post-632","post","type-post","status-publish","format-standard","hentry","category-noticias"],"acf":[],"_links":{"self":[{"href":"https:\/\/www.ufsm.br\/orgaos-suplementares\/ru\/wp-json\/wp\/v2\/posts\/632","targetHints":{"allow":["GET"]}}],"collection":[{"href":"https:\/\/www.ufsm.br\/orgaos-suplementares\/ru\/wp-json\/wp\/v2\/posts"}],"about":[{"href":"https:\/\/www.ufsm.br\/orgaos-suplementares\/ru\/wp-json\/wp\/v2\/types\/post"}],"author":[{"embeddable":true,"href":"https:\/\/www.ufsm.br\/orgaos-suplementares\/ru\/wp-json\/wp\/v2\/users\/5814"}],"replies":[{"embeddable":true,"href":"https:\/\/www.ufsm.br\/orgaos-suplementares\/ru\/wp-json\/wp\/v2\/comments?post=632"}],"version-history":[{"count":0,"href":"https:\/\/www.ufsm.br\/orgaos-suplementares\/ru\/wp-json\/wp\/v2\/posts\/632\/revisions"}],"wp:attachment":[{"href":"https:\/\/www.ufsm.br\/orgaos-suplementares\/ru\/wp-json\/wp\/v2\/media?parent=632"}],"wp:term":[{"taxonomy":"category","embeddable":true,"href":"https:\/\/www.ufsm.br\/orgaos-suplementares\/ru\/wp-json\/wp\/v2\/categories?post=632"},{"taxonomy":"post_tag","embeddable":true,"href":"https:\/\/www.ufsm.br\/orgaos-suplementares\/ru\/wp-json\/wp\/v2\/tags?post=632"}],"curies":[{"name":"wp","href":"https:\/\/api.w.org\/{rel}","templated":true}]}}