{"id":643,"date":"2023-01-02T16:04:30","date_gmt":"2023-01-02T19:04:30","guid":{"rendered":"https:\/\/www.ufsm.br\/orgaos-suplementares\/ru\/?p=643"},"modified":"2023-01-02T16:04:31","modified_gmt":"2023-01-02T19:04:31","slug":"funcionamento-do-ru-2-na-primeira-semana-de-2023","status":"publish","type":"post","link":"https:\/\/www.ufsm.br\/orgaos-suplementares\/ru\/2023\/01\/02\/funcionamento-do-ru-2-na-primeira-semana-de-2023","title":{"rendered":"Funcionamento do RU 2 na primeira semana de 2023"},"content":{"rendered":"\n<p>No dia 02 de janeiro de 2023, o Restaurante Universit\u00e1rio retomou o fornecimento integral de refei\u00e7\u00f5es apenas no RU Campus 1 , para toda a comunidade acad\u00eamica em hor\u00e1rio normal e mantendo a obrigatoriedade do agendamento pr\u00e9vio. No entanto, em um primeiro momento, o RU Campus 2 permanecer\u00e1 fechado devido a baixa demanda. No decorrer desta primeira semana de 2023, ser\u00e1 avaliada a reabertura do RU 2 de acordo com o volume de agendamentos.<\/p>\n<p>Qualquer novidade sobre a reabertura ser\u00e1 informado aqui na p\u00e1gina do Restaurante Universit\u00e1rio, bem como nas redes sociais restaurante.<\/p>\n<p>\u00a0<\/p>\n","protected":false},"excerpt":{"rendered":"<p>No dia 02 de janeiro de 2023, o Restaurante Universit\u00e1rio retomou o fornecimento integral de refei\u00e7\u00f5es apenas no RU Campus 1 , para toda a comunidade acad\u00eamica em hor\u00e1rio normal e mantendo a obrigatoriedade do agendamento pr\u00e9vio. No entanto, em um primeiro momento, o RU Campus 2 permanecer\u00e1 fechado devido a baixa demanda. No decorrer [&hellip;]<\/p>\n","protected":false},"author":5814,"featured_media":0,"comment_status":"closed","ping_status":"closed","sticky":false,"template":"","format":"standard","meta":{"footnotes":""},"categories":[1],"tags":[],"class_list":["post-643","post","type-post","status-publish","format-standard","hentry","category-noticias"],"acf":[],"_links":{"self":[{"href":"https:\/\/www.ufsm.br\/orgaos-suplementares\/ru\/wp-json\/wp\/v2\/posts\/643","targetHints":{"allow":["GET"]}}],"collection":[{"href":"https:\/\/www.ufsm.br\/orgaos-suplementares\/ru\/wp-json\/wp\/v2\/posts"}],"about":[{"href":"https:\/\/www.ufsm.br\/orgaos-suplementares\/ru\/wp-json\/wp\/v2\/types\/post"}],"author":[{"embeddable":true,"href":"https:\/\/www.ufsm.br\/orgaos-suplementares\/ru\/wp-json\/wp\/v2\/users\/5814"}],"replies":[{"embeddable":true,"href":"https:\/\/www.ufsm.br\/orgaos-suplementares\/ru\/wp-json\/wp\/v2\/comments?post=643"}],"version-history":[{"count":0,"href":"https:\/\/www.ufsm.br\/orgaos-suplementares\/ru\/wp-json\/wp\/v2\/posts\/643\/revisions"}],"wp:attachment":[{"href":"https:\/\/www.ufsm.br\/orgaos-suplementares\/ru\/wp-json\/wp\/v2\/media?parent=643"}],"wp:term":[{"taxonomy":"category","embeddable":true,"href":"https:\/\/www.ufsm.br\/orgaos-suplementares\/ru\/wp-json\/wp\/v2\/categories?post=643"},{"taxonomy":"post_tag","embeddable":true,"href":"https:\/\/www.ufsm.br\/orgaos-suplementares\/ru\/wp-json\/wp\/v2\/tags?post=643"}],"curies":[{"name":"wp","href":"https:\/\/api.w.org\/{rel}","templated":true}]}}