{"id":644,"date":"2023-01-06T09:53:59","date_gmt":"2023-01-06T12:53:59","guid":{"rendered":"https:\/\/www.ufsm.br\/orgaos-suplementares\/ru\/?p=644"},"modified":"2023-01-10T08:51:57","modified_gmt":"2023-01-10T11:51:57","slug":"ru-campus-2-seguira-fechado","status":"publish","type":"post","link":"https:\/\/www.ufsm.br\/orgaos-suplementares\/ru\/2023\/01\/06\/ru-campus-2-seguira-fechado","title":{"rendered":"RU Campus 2 seguir\u00e1 fechado na pr\u00f3xima semana"},"content":{"rendered":"\n<p><strong>Aten\u00e7\u00e3o conte\u00fado editado em 10 de janeiro de 2023: RU2 reabre na quarta-feira 11\/01 conforme not\u00edcia: <a href=\"https:\/\/ufsm.br\/r-398-648\">https:\/\/ufsm.br\/r-398-648<\/a><\/strong><\/p>\n<p style=\"text-align: justify\">Ap\u00f3s a avalia\u00e7\u00e3o desta primeira semana de 2023, e a confirma\u00e7\u00e3o da redu\u00e7\u00e3o da demanda, a dire\u00e7\u00e3o do Restaurante Universit\u00e1rio definiu que, na pr\u00f3xima semana (09 a 13 de janeiro), ser\u00e1 mantido o fornecimento de todas refei\u00e7\u00f5es apenas no RU Campus 1. Assim o RU Campus 2 permanecer\u00e1 fechado.<\/p>\n<p style=\"text-align: justify\">Tal decis\u00e3o ser\u00e1 avaliada a cada dia, e caso identificada a necessidade o RU Campus 2 ser\u00e1 reaberto. Acompanhe nossas redes sociais e o site do RU para se manter informado (a), pois qualquer novidade ser\u00e1 publicada atrav\u00e9s destes canais.<\/p>\n<p>E nunca \u00e9 demais lembrar de:<\/p>\n<p><em style=\"font-size: revert;color: initial\">&#8220;Sempre agendar suas refei\u00e7\u00f5es dentro do prazo, e caso n\u00e3o puder comparecer, disponibilizar seu acesso!&#8221;<\/em><\/p>\n<p>Desta forma voc\u00ea ajuda o RU a continuar atendendo a todos e todas com o reconhecido padr\u00e3o de qualidade.<\/p>\n<p><img fetchpriority=\"high\" decoding=\"async\" class=\"size-full wp-image-647 aligncenter\" src=\"https:\/\/www.ufsm.br\/app\/uploads\/sites\/398\/2023\/01\/Logo-2.jpg\" alt=\"\" width=\"225\" height=\"225\" srcset=\"https:\/\/www.ufsm.br\/app\/uploads\/sites\/398\/2023\/01\/Logo-2.jpg 225w, https:\/\/www.ufsm.br\/app\/uploads\/sites\/398\/2023\/01\/Logo-2-150x150.jpg 150w\" sizes=\"(max-width: 225px) 100vw, 225px\" \/><\/p>\n","protected":false},"excerpt":{"rendered":"<p>Aten\u00e7\u00e3o conte\u00fado editado em 10 de janeiro de 2023: RU2 reabre na quarta-feira 11\/01 conforme not\u00edcia: https:\/\/ufsm.br\/r-398-648 Ap\u00f3s a avalia\u00e7\u00e3o desta primeira semana de 2023, e a confirma\u00e7\u00e3o da redu\u00e7\u00e3o da demanda, a dire\u00e7\u00e3o do Restaurante Universit\u00e1rio definiu que, na pr\u00f3xima semana (09 a 13 de janeiro), ser\u00e1 mantido o fornecimento de todas refei\u00e7\u00f5es apenas [&hellip;]<\/p>\n","protected":false},"author":5814,"featured_media":0,"comment_status":"closed","ping_status":"closed","sticky":false,"template":"","format":"standard","meta":{"footnotes":""},"categories":[1],"tags":[],"class_list":["post-644","post","type-post","status-publish","format-standard","hentry","category-noticias"],"acf":[],"_links":{"self":[{"href":"https:\/\/www.ufsm.br\/orgaos-suplementares\/ru\/wp-json\/wp\/v2\/posts\/644","targetHints":{"allow":["GET"]}}],"collection":[{"href":"https:\/\/www.ufsm.br\/orgaos-suplementares\/ru\/wp-json\/wp\/v2\/posts"}],"about":[{"href":"https:\/\/www.ufsm.br\/orgaos-suplementares\/ru\/wp-json\/wp\/v2\/types\/post"}],"author":[{"embeddable":true,"href":"https:\/\/www.ufsm.br\/orgaos-suplementares\/ru\/wp-json\/wp\/v2\/users\/5814"}],"replies":[{"embeddable":true,"href":"https:\/\/www.ufsm.br\/orgaos-suplementares\/ru\/wp-json\/wp\/v2\/comments?post=644"}],"version-history":[{"count":0,"href":"https:\/\/www.ufsm.br\/orgaos-suplementares\/ru\/wp-json\/wp\/v2\/posts\/644\/revisions"}],"wp:attachment":[{"href":"https:\/\/www.ufsm.br\/orgaos-suplementares\/ru\/wp-json\/wp\/v2\/media?parent=644"}],"wp:term":[{"taxonomy":"category","embeddable":true,"href":"https:\/\/www.ufsm.br\/orgaos-suplementares\/ru\/wp-json\/wp\/v2\/categories?post=644"},{"taxonomy":"post_tag","embeddable":true,"href":"https:\/\/www.ufsm.br\/orgaos-suplementares\/ru\/wp-json\/wp\/v2\/tags?post=644"}],"curies":[{"name":"wp","href":"https:\/\/api.w.org\/{rel}","templated":true}]}}