{"id":648,"date":"2023-01-10T08:45:58","date_gmt":"2023-01-10T11:45:58","guid":{"rendered":"https:\/\/www.ufsm.br\/orgaos-suplementares\/ru\/?p=648"},"modified":"2023-01-10T08:45:59","modified_gmt":"2023-01-10T11:45:59","slug":"ru2-reabre-nesta-quarta-feira","status":"publish","type":"post","link":"https:\/\/www.ufsm.br\/orgaos-suplementares\/ru\/2023\/01\/10\/ru2-reabre-nesta-quarta-feira","title":{"rendered":"RU2 reabre nesta quarta-feira\u00a0"},"content":{"rendered":"\n<div dir=\"auto\" style=\"text-align: justify\">Ap\u00f3s avaliar a demanda atual, a Dire\u00e7\u00e3o do restaurante Universit\u00e1rio em conjunto com a Pr\u00f3-Reitoria de Assuntos Estudantis \u2013 PRAE resolveu pela reabertura do RU Campus 2 a partir de quarta-feira 11 de janeiro.<\/div>\n<div dir=\"auto\" style=\"text-align: justify\">O agendamento para o almo\u00e7o do dia 11 de janeiro deve ser realizado at\u00e9 as 20:00h do dia 10\/01.<\/div>\n<div dir=\"auto\" style=\"text-align: justify\">Mais uma vez refor\u00e7amos que, t\u00e3o importante quanto agendar suas refei\u00e7\u00f5es \u00e9 disponibiliz\u00e1-las (atrav\u00e9s do App UFSM Digital ou no Portal RU) se souber que n\u00e3o poder\u00e1 comparecer por qualquer motivo. Diariamente h\u00e1 um grande n\u00famero de agendamentos n\u00e3o comparecidos, o que gera desperd\u00edcio al\u00e9m de prejudicar o atendimento aos demais usu\u00e1rios.<\/div>\n","protected":false},"excerpt":{"rendered":"<p>Ap\u00f3s avaliar a demanda atual, a Dire\u00e7\u00e3o do restaurante Universit\u00e1rio em conjunto com a Pr\u00f3-Reitoria de Assuntos Estudantis \u2013 PRAE resolveu pela reabertura do RU Campus 2 a partir de quarta-feira 11 de janeiro. O agendamento para o almo\u00e7o do dia 11 de janeiro deve ser realizado at\u00e9 as 20:00h do dia 10\/01. Mais uma [&hellip;]<\/p>\n","protected":false},"author":5814,"featured_media":0,"comment_status":"closed","ping_status":"closed","sticky":false,"template":"","format":"standard","meta":{"footnotes":""},"categories":[1],"tags":[],"class_list":["post-648","post","type-post","status-publish","format-standard","hentry","category-noticias"],"acf":[],"_links":{"self":[{"href":"https:\/\/www.ufsm.br\/orgaos-suplementares\/ru\/wp-json\/wp\/v2\/posts\/648","targetHints":{"allow":["GET"]}}],"collection":[{"href":"https:\/\/www.ufsm.br\/orgaos-suplementares\/ru\/wp-json\/wp\/v2\/posts"}],"about":[{"href":"https:\/\/www.ufsm.br\/orgaos-suplementares\/ru\/wp-json\/wp\/v2\/types\/post"}],"author":[{"embeddable":true,"href":"https:\/\/www.ufsm.br\/orgaos-suplementares\/ru\/wp-json\/wp\/v2\/users\/5814"}],"replies":[{"embeddable":true,"href":"https:\/\/www.ufsm.br\/orgaos-suplementares\/ru\/wp-json\/wp\/v2\/comments?post=648"}],"version-history":[{"count":0,"href":"https:\/\/www.ufsm.br\/orgaos-suplementares\/ru\/wp-json\/wp\/v2\/posts\/648\/revisions"}],"wp:attachment":[{"href":"https:\/\/www.ufsm.br\/orgaos-suplementares\/ru\/wp-json\/wp\/v2\/media?parent=648"}],"wp:term":[{"taxonomy":"category","embeddable":true,"href":"https:\/\/www.ufsm.br\/orgaos-suplementares\/ru\/wp-json\/wp\/v2\/categories?post=648"},{"taxonomy":"post_tag","embeddable":true,"href":"https:\/\/www.ufsm.br\/orgaos-suplementares\/ru\/wp-json\/wp\/v2\/tags?post=648"}],"curies":[{"name":"wp","href":"https:\/\/api.w.org\/{rel}","templated":true}]}}