{"id":665,"date":"2023-02-06T09:45:40","date_gmt":"2023-02-06T12:45:40","guid":{"rendered":"https:\/\/www.ufsm.br\/orgaos-suplementares\/ru\/?p=665"},"modified":"2023-02-06T09:45:41","modified_gmt":"2023-02-06T12:45:41","slug":"ru-campus-ii-nao-servira-almoco-a-partir-de-hoje","status":"publish","type":"post","link":"https:\/\/www.ufsm.br\/orgaos-suplementares\/ru\/2023\/02\/06\/ru-campus-ii-nao-servira-almoco-a-partir-de-hoje","title":{"rendered":"RU Campus II n\u00e3o servir\u00e1 almo\u00e7o a partir de hoje"},"content":{"rendered":"\n<p style=\"text-align: justify\">A Dire\u00e7\u00e3o do Restaurante Universit\u00e1rio (RU) informa que, a partir de hoje (06\/02), o RU Campus II estar\u00e1 fechado. O almo\u00e7o ser\u00e1 servido somente no RU Campus I (Pr\u00e9dio 31). A partir do dia 20\/03, o RU Campus II retorna ao funcionamento normal.\u00a0<\/p>\n<p>\u00a0<\/p>\n<p>\u00a0<\/p>\n<p>\u00a0<\/p>\n","protected":false},"excerpt":{"rendered":"<p>A Dire\u00e7\u00e3o do Restaurante Universit\u00e1rio (RU) informa que, a partir de hoje (06\/02), o RU Campus II estar\u00e1 fechado. O almo\u00e7o ser\u00e1 servido somente no RU Campus I (Pr\u00e9dio 31). A partir do dia 20\/03, o RU Campus II retorna ao funcionamento normal.\u00a0 \u00a0 \u00a0 \u00a0<\/p>\n","protected":false},"author":323,"featured_media":0,"comment_status":"closed","ping_status":"closed","sticky":false,"template":"","format":"standard","meta":{"footnotes":""},"categories":[1],"tags":[],"class_list":["post-665","post","type-post","status-publish","format-standard","hentry","category-noticias"],"acf":[],"_links":{"self":[{"href":"https:\/\/www.ufsm.br\/orgaos-suplementares\/ru\/wp-json\/wp\/v2\/posts\/665","targetHints":{"allow":["GET"]}}],"collection":[{"href":"https:\/\/www.ufsm.br\/orgaos-suplementares\/ru\/wp-json\/wp\/v2\/posts"}],"about":[{"href":"https:\/\/www.ufsm.br\/orgaos-suplementares\/ru\/wp-json\/wp\/v2\/types\/post"}],"author":[{"embeddable":true,"href":"https:\/\/www.ufsm.br\/orgaos-suplementares\/ru\/wp-json\/wp\/v2\/users\/323"}],"replies":[{"embeddable":true,"href":"https:\/\/www.ufsm.br\/orgaos-suplementares\/ru\/wp-json\/wp\/v2\/comments?post=665"}],"version-history":[{"count":0,"href":"https:\/\/www.ufsm.br\/orgaos-suplementares\/ru\/wp-json\/wp\/v2\/posts\/665\/revisions"}],"wp:attachment":[{"href":"https:\/\/www.ufsm.br\/orgaos-suplementares\/ru\/wp-json\/wp\/v2\/media?parent=665"}],"wp:term":[{"taxonomy":"category","embeddable":true,"href":"https:\/\/www.ufsm.br\/orgaos-suplementares\/ru\/wp-json\/wp\/v2\/categories?post=665"},{"taxonomy":"post_tag","embeddable":true,"href":"https:\/\/www.ufsm.br\/orgaos-suplementares\/ru\/wp-json\/wp\/v2\/tags?post=665"}],"curies":[{"name":"wp","href":"https:\/\/api.w.org\/{rel}","templated":true}]}}