{"id":681,"date":"2023-03-17T08:23:59","date_gmt":"2023-03-17T11:23:59","guid":{"rendered":"https:\/\/www.ufsm.br\/orgaos-suplementares\/ru\/?p=681"},"modified":"2026-09-01T12:51:34","modified_gmt":"2026-09-01T15:51:34","slug":"funcionamento-dos-rus-1-e-2-no-retorno-do-periodo-letivo","status":"publish","type":"post","link":"https:\/\/www.ufsm.br\/orgaos-suplementares\/ru\/2023\/03\/17\/funcionamento-dos-rus-1-e-2-no-retorno-do-periodo-letivo","title":{"rendered":"Funcionamento dos RUs 1 e 2 no retorno do per\u00edodo letivo"},"content":{"rendered":"\n<p>O Restaurante Universit\u00e1rio informa que a partir do dia 20 de mar\u00e7o, volta a funcionar em hor\u00e1rio normal (<a href=\"https:\/\/www.ufsm.br\/orgaos-suplementares\/ru\/horarios\" target=\"_blank\" rel=\"noopener\">confira aqui os hor\u00e1rios).<\/a><\/p>\n<p>O almo\u00e7o ser\u00e1 servido tanto no RU1 quanto no RU2 e demais refei\u00e7\u00f5es continuam sendo servidas apenas no RU1.<\/p>\n<p>Vale ressaltar:<\/p>\n<ul>\n<li>Agende suas refei\u00e7\u00f5es com anteced\u00eancia;<\/li>\n<li>Se agendou e n\u00e3o for comparecer, disponibilize seu agendamento;<\/li>\n<li>Perdeu o hor\u00e1rio de agendamento? Entre na lista virtual de espera.<\/li>\n<\/ul>\n<p>Desejamos a todos e todas um \u00f3timo ano letivo!<\/p>\n","protected":false},"excerpt":{"rendered":"<p>O Restaurante Universit\u00e1rio informa que a partir do dia 20 de mar\u00e7o, volta a funcionar em hor\u00e1rio normal (confira aqui os hor\u00e1rios). O almo\u00e7o ser\u00e1 servido tanto no RU1 quanto no RU2 e demais refei\u00e7\u00f5es continuam sendo servidas apenas no RU1. Vale ressaltar: Agende suas refei\u00e7\u00f5es com anteced\u00eancia; Se agendou e n\u00e3o for comparecer, disponibilize [&hellip;]<\/p>\n","protected":false},"author":5814,"featured_media":0,"comment_status":"closed","ping_status":"closed","sticky":false,"template":"","format":"standard","meta":{"footnotes":""},"categories":[1],"tags":[],"class_list":["post-681","post","type-post","status-publish","format-standard","hentry","category-noticias"],"acf":[],"_links":{"self":[{"href":"https:\/\/www.ufsm.br\/orgaos-suplementares\/ru\/wp-json\/wp\/v2\/posts\/681","targetHints":{"allow":["GET"]}}],"collection":[{"href":"https:\/\/www.ufsm.br\/orgaos-suplementares\/ru\/wp-json\/wp\/v2\/posts"}],"about":[{"href":"https:\/\/www.ufsm.br\/orgaos-suplementares\/ru\/wp-json\/wp\/v2\/types\/post"}],"author":[{"embeddable":true,"href":"https:\/\/www.ufsm.br\/orgaos-suplementares\/ru\/wp-json\/wp\/v2\/users\/5814"}],"replies":[{"embeddable":true,"href":"https:\/\/www.ufsm.br\/orgaos-suplementares\/ru\/wp-json\/wp\/v2\/comments?post=681"}],"version-history":[{"count":0,"href":"https:\/\/www.ufsm.br\/orgaos-suplementares\/ru\/wp-json\/wp\/v2\/posts\/681\/revisions"}],"wp:attachment":[{"href":"https:\/\/www.ufsm.br\/orgaos-suplementares\/ru\/wp-json\/wp\/v2\/media?parent=681"}],"wp:term":[{"taxonomy":"category","embeddable":true,"href":"https:\/\/www.ufsm.br\/orgaos-suplementares\/ru\/wp-json\/wp\/v2\/categories?post=681"},{"taxonomy":"post_tag","embeddable":true,"href":"https:\/\/www.ufsm.br\/orgaos-suplementares\/ru\/wp-json\/wp\/v2\/tags?post=681"}],"curies":[{"name":"wp","href":"https:\/\/api.w.org\/{rel}","templated":true}]}}