{"id":689,"date":"2023-04-17T09:58:31","date_gmt":"2023-04-17T12:58:31","guid":{"rendered":"https:\/\/www.ufsm.br\/orgaos-suplementares\/ru\/?p=689"},"modified":"2023-04-17T10:21:46","modified_gmt":"2023-04-17T13:21:46","slug":"agendamento-de-kit-distribuicao-para-ao-feriado-prolongado-de-tiradentes","status":"publish","type":"post","link":"https:\/\/www.ufsm.br\/orgaos-suplementares\/ru\/2023\/04\/17\/agendamento-de-kit-distribuicao-para-ao-feriado-prolongado-de-tiradentes","title":{"rendered":"Agendamento de Kit Distribui\u00e7\u00e3o para o feriado prolongado de Tiradentes"},"content":{"rendered":"\n<p style=\"text-align: justify\">O Restaurante Universit\u00e1rio informa que, est\u00e1 aberto o prazo de agendamento para solicita\u00e7\u00e3o do Kit distribui\u00e7\u00e3o de g\u00eaneros aliment\u00edcios referente aos dias 21, 22 e 23 de abril, visando atender a alimenta\u00e7\u00e3o dos alunos em situa\u00e7\u00e3o de vulnerabilidade socioecon\u00f4mica e que residem na moradia estudantil da UFSM.<\/p>\n<p style=\"text-align: justify\">As solicita\u00e7\u00f5es do\u00a0<strong>Kit distribui\u00e7\u00e3o 1 (C + A + J)<\/strong>\u00a0dever\u00e3o ser efetuadas por agendamento online, realizados no\u00a0<a href=\"https:\/\/portal.ufsm.br\/ru\/usuario\/agendamento\/form.html\">Portal RU<\/a>\u00a0ou no aplicativo\u00a0<a href=\"https:\/\/www.ufsm.br\/orgaos-suplementares\/cpd\/servicos\/aplicativo-ufsm-digital\">UFSM Digital<\/a>. Os alunos que optarem pela prote\u00edna de origem vegetal, ao inv\u00e9s da carne, dever\u00e3o marcar a op\u00e7\u00e3o vegetariana, no ato do agendamento. Todo o processo de agendamento \u00e9 realizado via sistema do RU.<\/p>\n<p style=\"text-align: justify\">O prazo de agendamento encerra nesta ter\u00e7a feira 18\/04, \u00e0s 11h da manh\u00e3. Qualquer intercorr\u00eancia quanto ao agendamento dever\u00e1 ser comunicado a secretaria do RU Campus I, dentro do prazo. N\u00e3o ser\u00e1 aceito agendamento fora do prazo estabelecido.\u00a0<\/p>\n<p style=\"text-align: justify\">O Kit de distribui\u00e7\u00e3o ser\u00e1 entregue na quinta feira (20\/04), das 15h \u00e0s 17h, no refeit\u00f3rio do RU Campus I,\u00a0 somente para o titular, exceto para os pais ou m\u00e3es, que poder\u00e3o retirar para os seus dependentes. Alunos que estiverem em atividade acad\u00eamica durante o hor\u00e1rio da entrega dos kits, tamb\u00e9m poder\u00e3o indicar outra pessoa para retirar, desde que, fa\u00e7a esta solicita\u00e7\u00e3o atrav\u00e9s do e-mail secretaria.ru@ufsm.br at\u00e9 as 14h do dia 20 de abril, onde dever\u00e1 enviar a comprova\u00e7\u00e3o de tal atividade e a indica\u00e7\u00e3o (nome e matr\u00edcula) de quem ir\u00e1 retirar o kit em seu lugar.<\/p>\n<p style=\"text-align: justify\">Os alunos dever\u00e3o apresentar, no momento da entrega dos Kits, a carteira de identifica\u00e7\u00e3o do RU, seja na vers\u00e3o f\u00edsica ou digital. Os alunos ainda dever\u00e3o trazer recursos (sacolas) para acondicionamento e transporte dos g\u00eaneros relativos ao Kit de distribui\u00e7\u00e3o.<\/p>\n<p>Mais informa\u00e7\u00f5es na secretaria do RU ou pelo fone (55) 3220-8405 ou ainda pelo e-mail secretaria.ru@ufsm.br<\/p>\n<p>\u00a0<\/p>\n<p style=\"text-align: justify\"><img fetchpriority=\"high\" decoding=\"async\" class=\"alignnone  wp-image-690 aligncenter\" src=\"https:\/\/www.ufsm.br\/app\/uploads\/sites\/398\/2023\/04\/IMG-20230417-WA0005-300x300.jpg\" alt=\"\" width=\"379\" height=\"379\" srcset=\"https:\/\/www.ufsm.br\/app\/uploads\/sites\/398\/2023\/04\/IMG-20230417-WA0005-300x300.jpg 300w, https:\/\/www.ufsm.br\/app\/uploads\/sites\/398\/2023\/04\/IMG-20230417-WA0005-1024x1024.jpg 1024w, https:\/\/www.ufsm.br\/app\/uploads\/sites\/398\/2023\/04\/IMG-20230417-WA0005-150x150.jpg 150w, https:\/\/www.ufsm.br\/app\/uploads\/sites\/398\/2023\/04\/IMG-20230417-WA0005-768x768.jpg 768w, https:\/\/www.ufsm.br\/app\/uploads\/sites\/398\/2023\/04\/IMG-20230417-WA0005.jpg 1080w\" sizes=\"(max-width: 379px) 100vw, 379px\" \/><\/p>\n","protected":false},"excerpt":{"rendered":"<p>O Restaurante Universit\u00e1rio informa que, est\u00e1 aberto o prazo de agendamento para solicita\u00e7\u00e3o do Kit distribui\u00e7\u00e3o de g\u00eaneros aliment\u00edcios referente aos dias 21, 22 e 23 de abril, visando atender a alimenta\u00e7\u00e3o dos alunos em situa\u00e7\u00e3o de vulnerabilidade socioecon\u00f4mica e que residem na moradia estudantil da UFSM. As solicita\u00e7\u00f5es do\u00a0Kit distribui\u00e7\u00e3o 1 (C + A [&hellip;]<\/p>\n","protected":false},"author":5814,"featured_media":0,"comment_status":"closed","ping_status":"closed","sticky":false,"template":"","format":"standard","meta":{"footnotes":""},"categories":[1],"tags":[],"class_list":["post-689","post","type-post","status-publish","format-standard","hentry","category-noticias"],"acf":[],"_links":{"self":[{"href":"https:\/\/www.ufsm.br\/orgaos-suplementares\/ru\/wp-json\/wp\/v2\/posts\/689","targetHints":{"allow":["GET"]}}],"collection":[{"href":"https:\/\/www.ufsm.br\/orgaos-suplementares\/ru\/wp-json\/wp\/v2\/posts"}],"about":[{"href":"https:\/\/www.ufsm.br\/orgaos-suplementares\/ru\/wp-json\/wp\/v2\/types\/post"}],"author":[{"embeddable":true,"href":"https:\/\/www.ufsm.br\/orgaos-suplementares\/ru\/wp-json\/wp\/v2\/users\/5814"}],"replies":[{"embeddable":true,"href":"https:\/\/www.ufsm.br\/orgaos-suplementares\/ru\/wp-json\/wp\/v2\/comments?post=689"}],"version-history":[{"count":0,"href":"https:\/\/www.ufsm.br\/orgaos-suplementares\/ru\/wp-json\/wp\/v2\/posts\/689\/revisions"}],"wp:attachment":[{"href":"https:\/\/www.ufsm.br\/orgaos-suplementares\/ru\/wp-json\/wp\/v2\/media?parent=689"}],"wp:term":[{"taxonomy":"category","embeddable":true,"href":"https:\/\/www.ufsm.br\/orgaos-suplementares\/ru\/wp-json\/wp\/v2\/categories?post=689"},{"taxonomy":"post_tag","embeddable":true,"href":"https:\/\/www.ufsm.br\/orgaos-suplementares\/ru\/wp-json\/wp\/v2\/tags?post=689"}],"curies":[{"name":"wp","href":"https:\/\/api.w.org\/{rel}","templated":true}]}}