{"id":697,"date":"2023-05-03T16:25:36","date_gmt":"2023-05-03T19:25:36","guid":{"rendered":"https:\/\/www.ufsm.br\/orgaos-suplementares\/ru\/?p=697"},"modified":"2023-05-03T16:25:37","modified_gmt":"2023-05-03T19:25:37","slug":"ru-informa-sobre-os-novos-valores-das-refeicoes-para-servidores-visitantes-e-voluntarios-a-partir-do-jantar-de-hoje","status":"publish","type":"post","link":"https:\/\/www.ufsm.br\/orgaos-suplementares\/ru\/2023\/05\/03\/ru-informa-sobre-os-novos-valores-das-refeicoes-para-servidores-visitantes-e-voluntarios-a-partir-do-jantar-de-hoje","title":{"rendered":"RU informa sobre os novos valores das refei\u00e7\u00f5es para servidores, visitantes e volunt\u00e1rios a partir do jantar de hoje"},"content":{"rendered":"\n<p style=\"text-align: justify\">O Restaurante Universit\u00e1rio (RU) informa que, em raz\u00e3o do reajuste no Contrato n. 020\/2020, contrato esse, relativo ao fornecimento de refei\u00e7\u00f5es para o RU Campus Sede da UFSM (RU Campus I e RU Campus II), conforme a emiss\u00e3o do vig\u00e9simo termo aditivo, assinado no dia de hoje (03\/05), a partir do jantar, com base no \u00a7 1\u00ba do Art. 3\u00ba da <a href=\"https:\/\/portal.ufsm.br\/documentos\/download.html?action=arquivosIndexados&amp;id=14227010&amp;download=false\">Resolu\u00e7\u00e3o UFSM N. 098\/2022<\/a>, os novos valores das refei\u00e7\u00f5es para servidores, visitantes e volunt\u00e1rios passam a ser:<\/p>\n<p>Caf\u00e9 da manh\u00e3: R$ 7,41<br \/>Almo\u00e7o: R$ 13,43<br \/>Jantar: R$ 13,33<\/p>\n<p>Para ver o vig\u00e9simo termo aditivo do contrato <a href=\"https:\/\/portal.ufsm.br\/documentos\/download.html?action=componente&amp;download=false&amp;id=2695454\">Clique aqui<\/a>.<\/p>\n<p>Mais informa\u00e7\u00f5es na secretaria do RU Campus I ou pelo fone (55) 3220-8405 ou ainda pelo e-mail secretaria.ru@ufsm.br.<\/p>\n","protected":false},"excerpt":{"rendered":"<p>O Restaurante Universit\u00e1rio (RU) informa que, em raz\u00e3o do reajuste no Contrato n. 020\/2020, contrato esse, relativo ao fornecimento de refei\u00e7\u00f5es para o RU Campus Sede da UFSM (RU Campus I e RU Campus II), conforme a emiss\u00e3o do vig\u00e9simo termo aditivo, assinado no dia de hoje (03\/05), a partir do jantar, com base no [&hellip;]<\/p>\n","protected":false},"author":323,"featured_media":0,"comment_status":"closed","ping_status":"closed","sticky":false,"template":"","format":"standard","meta":{"footnotes":""},"categories":[1],"tags":[],"class_list":["post-697","post","type-post","status-publish","format-standard","hentry","category-noticias"],"acf":[],"_links":{"self":[{"href":"https:\/\/www.ufsm.br\/orgaos-suplementares\/ru\/wp-json\/wp\/v2\/posts\/697","targetHints":{"allow":["GET"]}}],"collection":[{"href":"https:\/\/www.ufsm.br\/orgaos-suplementares\/ru\/wp-json\/wp\/v2\/posts"}],"about":[{"href":"https:\/\/www.ufsm.br\/orgaos-suplementares\/ru\/wp-json\/wp\/v2\/types\/post"}],"author":[{"embeddable":true,"href":"https:\/\/www.ufsm.br\/orgaos-suplementares\/ru\/wp-json\/wp\/v2\/users\/323"}],"replies":[{"embeddable":true,"href":"https:\/\/www.ufsm.br\/orgaos-suplementares\/ru\/wp-json\/wp\/v2\/comments?post=697"}],"version-history":[{"count":0,"href":"https:\/\/www.ufsm.br\/orgaos-suplementares\/ru\/wp-json\/wp\/v2\/posts\/697\/revisions"}],"wp:attachment":[{"href":"https:\/\/www.ufsm.br\/orgaos-suplementares\/ru\/wp-json\/wp\/v2\/media?parent=697"}],"wp:term":[{"taxonomy":"category","embeddable":true,"href":"https:\/\/www.ufsm.br\/orgaos-suplementares\/ru\/wp-json\/wp\/v2\/categories?post=697"},{"taxonomy":"post_tag","embeddable":true,"href":"https:\/\/www.ufsm.br\/orgaos-suplementares\/ru\/wp-json\/wp\/v2\/tags?post=697"}],"curies":[{"name":"wp","href":"https:\/\/api.w.org\/{rel}","templated":true}]}}