{"id":700,"date":"2023-05-08T15:45:50","date_gmt":"2023-05-08T18:45:50","guid":{"rendered":"https:\/\/www.ufsm.br\/orgaos-suplementares\/ru\/?p=700"},"modified":"2023-05-19T13:06:26","modified_gmt":"2023-05-19T16:06:26","slug":"capacitacao-ppci","status":"publish","type":"post","link":"https:\/\/www.ufsm.br\/orgaos-suplementares\/ru\/2023\/05\/08\/capacitacao-ppci","title":{"rendered":"Capacita\u00e7\u00e3o sobre os sistemas de preven\u00e7\u00e3o de inc\u00eandio do PPCI do RU\/Uni\u00e3o Universit\u00e1ria"},"content":{"rendered":"\n<p style=\"text-align: justify\">Na manh\u00e3 do dia 04 de maio, aconteceu no hall de entrada do pr\u00e9dio da Uni\u00e3o Universit\u00e1ria uma capacita\u00e7\u00e3o sobre a opera\u00e7\u00e3o da central de alarmes de inc\u00eandio, que \u00e9 um dos dispositivos de seguran\u00e7a implementados \u00a0como parte integrante do PPCI (Plano de Preven\u00e7\u00e3o e Prote\u00e7\u00e3o Contra Inc\u00eandio) do pr\u00e9dio 31.<\/p>\n<p style=\"text-align: justify\">Participaram da capacita\u00e7\u00e3o os servidores do Restaurante Universit\u00e1rio, colaboradores terceirizados da empresa ISM Gomes de Mattos Eireli e representantes da vigil\u00e2ncia da UFSM. O conte\u00fado foi ministrado pelo servidor e chefe do N\u00facleo de Preven\u00e7\u00e3o de Inc\u00eandio (NPI) Mateus Leiria, que explicou o funcionamento b\u00e1sico da central e seu princ\u00edpio de acionamento. Os presentes receberam instru\u00e7\u00f5es de como agir em caso de sinistros e tamb\u00e9m foram exemplificadas as situa\u00e7\u00f5es que podem causar o disparo err\u00f4neo ou acidental do alarme.<\/p>\n<p style=\"text-align: justify\">O NPI \u2013 UFSM \u00e9 o setor respons\u00e1vel por acompanhar as adequa\u00e7\u00f5es e execu\u00e7\u00f5es das medidas de seguran\u00e7a contra inc\u00eandio, bem como, fiscalizar o funcionamento destes sistemas. Al\u00e9m disso, participa e orienta as pessoas para agirem em casos de emerg\u00eancias. Para conhecer mais sobre o trabalho do setor, acesse: <a href=\"https:\/\/www.ufsm.br\/pro-reitorias\/proinfra\/nucleo-de-prevencao-de-incendios\">https:\/\/www.ufsm.br\/pro-reitorias\/proinfra\/nucleo-de-prevencao-de-incendios<\/a><\/p>\n<p>\u00a0<\/p><figure id=\"attachment_698\" aria-describedby=\"caption-attachment-698\" style=\"width: 1024px\" class=\"wp-caption aligncenter\"><img fetchpriority=\"high\" decoding=\"async\" class=\"wp-image-698 size-large\" src=\"https:\/\/www.ufsm.br\/app\/uploads\/sites\/398\/2023\/05\/IMG-20230504-WA0002-1024x541.jpg\" alt=\"Participantes da capacita\u00e7\u00e3o.\" width=\"1024\" height=\"541\" srcset=\"https:\/\/www.ufsm.br\/app\/uploads\/sites\/398\/2023\/05\/IMG-20230504-WA0002-1024x541.jpg 1024w, https:\/\/www.ufsm.br\/app\/uploads\/sites\/398\/2023\/05\/IMG-20230504-WA0002-300x159.jpg 300w, https:\/\/www.ufsm.br\/app\/uploads\/sites\/398\/2023\/05\/IMG-20230504-WA0002-768x406.jpg 768w, https:\/\/www.ufsm.br\/app\/uploads\/sites\/398\/2023\/05\/IMG-20230504-WA0002-1536x812.jpg 1536w, https:\/\/www.ufsm.br\/app\/uploads\/sites\/398\/2023\/05\/IMG-20230504-WA0002.jpg 1600w\" sizes=\"(max-width: 1024px) 100vw, 1024px\" \/><figcaption id=\"caption-attachment-698\" class=\"wp-caption-text\">Equipe participante da capacita\u00e7\u00e3o promovida pelo NPI-UFSM<\/figcaption><\/figure>\n","protected":false},"excerpt":{"rendered":"<p>Na manh\u00e3 do dia 04 de maio, aconteceu no hall de entrada do pr\u00e9dio da Uni\u00e3o Universit\u00e1ria uma capacita\u00e7\u00e3o sobre a opera\u00e7\u00e3o da central de alarmes de inc\u00eandio, que \u00e9 um dos dispositivos de seguran\u00e7a implementados \u00a0como parte integrante do PPCI (Plano de Preven\u00e7\u00e3o e Prote\u00e7\u00e3o Contra Inc\u00eandio) do pr\u00e9dio 31. Participaram da capacita\u00e7\u00e3o os [&hellip;]<\/p>\n","protected":false},"author":5814,"featured_media":0,"comment_status":"closed","ping_status":"closed","sticky":false,"template":"","format":"standard","meta":{"footnotes":""},"categories":[1],"tags":[],"class_list":["post-700","post","type-post","status-publish","format-standard","hentry","category-noticias"],"acf":[],"_links":{"self":[{"href":"https:\/\/www.ufsm.br\/orgaos-suplementares\/ru\/wp-json\/wp\/v2\/posts\/700","targetHints":{"allow":["GET"]}}],"collection":[{"href":"https:\/\/www.ufsm.br\/orgaos-suplementares\/ru\/wp-json\/wp\/v2\/posts"}],"about":[{"href":"https:\/\/www.ufsm.br\/orgaos-suplementares\/ru\/wp-json\/wp\/v2\/types\/post"}],"author":[{"embeddable":true,"href":"https:\/\/www.ufsm.br\/orgaos-suplementares\/ru\/wp-json\/wp\/v2\/users\/5814"}],"replies":[{"embeddable":true,"href":"https:\/\/www.ufsm.br\/orgaos-suplementares\/ru\/wp-json\/wp\/v2\/comments?post=700"}],"version-history":[{"count":0,"href":"https:\/\/www.ufsm.br\/orgaos-suplementares\/ru\/wp-json\/wp\/v2\/posts\/700\/revisions"}],"wp:attachment":[{"href":"https:\/\/www.ufsm.br\/orgaos-suplementares\/ru\/wp-json\/wp\/v2\/media?parent=700"}],"wp:term":[{"taxonomy":"category","embeddable":true,"href":"https:\/\/www.ufsm.br\/orgaos-suplementares\/ru\/wp-json\/wp\/v2\/categories?post=700"},{"taxonomy":"post_tag","embeddable":true,"href":"https:\/\/www.ufsm.br\/orgaos-suplementares\/ru\/wp-json\/wp\/v2\/tags?post=700"}],"curies":[{"name":"wp","href":"https:\/\/api.w.org\/{rel}","templated":true}]}}