{"id":717,"date":"2023-05-30T12:10:17","date_gmt":"2023-05-30T15:10:17","guid":{"rendered":"https:\/\/www.ufsm.br\/orgaos-suplementares\/ru\/?p=717"},"modified":"2023-05-30T12:30:00","modified_gmt":"2023-05-30T15:30:00","slug":"ru-capacita-os-colaboradores-do-controle-de-acesso","status":"publish","type":"post","link":"https:\/\/www.ufsm.br\/orgaos-suplementares\/ru\/2023\/05\/30\/ru-capacita-os-colaboradores-do-controle-de-acesso","title":{"rendered":"RU capacita os colaboradores do controle de acesso"},"content":{"rendered":"\n<p style=\"text-align: justify\">O Restaurante Universit\u00e1rio (RU) realizou na manh\u00e3 de hoje (30) uma reuni\u00e3o integrada entre Dire\u00e7\u00e3o, Secretaria, colaboradores terceirizados e bolsistas do Controle de Acesso e Assessoria de Comunica\u00e7\u00e3o. Essa \u00e9 a segunda reuni\u00e3o ocorrida desde o in\u00edcio do semestre letivo e tem como objetivo alinhar os processos com o intuito de melhorar a qualidade dos servi\u00e7os ofertados \u00e0 comunidade acad\u00eamica da UFSM.<\/p>\n<p style=\"text-align: justify\">Durante a reuni\u00e3o, foram destacados alguns pontos, entre eles: melhorar a integra\u00e7\u00e3o e comunica\u00e7\u00e3o dos setores, normas e responsabilidade quanto ao acesso dos usu\u00e1rios, informa\u00e7\u00f5es e orienta\u00e7\u00f5es aos usu\u00e1rios e atendimento ao p\u00fablico.<\/p>\n<pre><img fetchpriority=\"high\" decoding=\"async\" class=\"wp-image-718 aligncenter\" src=\"https:\/\/www.ufsm.br\/app\/uploads\/sites\/398\/2023\/05\/foto_reuniao_controle_acesso-300x101.jpg\" alt=\"\" width=\"796\" height=\"268\" srcset=\"https:\/\/www.ufsm.br\/app\/uploads\/sites\/398\/2023\/05\/foto_reuniao_controle_acesso-300x101.jpg 300w, https:\/\/www.ufsm.br\/app\/uploads\/sites\/398\/2023\/05\/foto_reuniao_controle_acesso-1024x346.jpg 1024w, https:\/\/www.ufsm.br\/app\/uploads\/sites\/398\/2023\/05\/foto_reuniao_controle_acesso-768x259.jpg 768w, https:\/\/www.ufsm.br\/app\/uploads\/sites\/398\/2023\/05\/foto_reuniao_controle_acesso-1536x518.jpg 1536w, https:\/\/www.ufsm.br\/app\/uploads\/sites\/398\/2023\/05\/foto_reuniao_controle_acesso.jpg 1920w\" sizes=\"(max-width: 796px) 100vw, 796px\" \/>                                        Foto: Assessoria de Comunica\u00e7\u00e3o do RU<\/pre>\n\n\n","protected":false},"excerpt":{"rendered":"<p>O Restaurante Universit\u00e1rio (RU) realizou na manh\u00e3 de hoje (30) uma reuni\u00e3o integrada entre Dire\u00e7\u00e3o, Secretaria, colaboradores terceirizados e bolsistas do Controle de Acesso e Assessoria de Comunica\u00e7\u00e3o. Essa \u00e9 a segunda reuni\u00e3o ocorrida desde o in\u00edcio do semestre letivo e tem como objetivo alinhar os processos com o intuito de melhorar a qualidade dos [&hellip;]<\/p>\n","protected":false},"author":323,"featured_media":0,"comment_status":"closed","ping_status":"closed","sticky":false,"template":"","format":"standard","meta":{"footnotes":""},"categories":[1],"tags":[],"class_list":["post-717","post","type-post","status-publish","format-standard","hentry","category-noticias"],"acf":[],"_links":{"self":[{"href":"https:\/\/www.ufsm.br\/orgaos-suplementares\/ru\/wp-json\/wp\/v2\/posts\/717","targetHints":{"allow":["GET"]}}],"collection":[{"href":"https:\/\/www.ufsm.br\/orgaos-suplementares\/ru\/wp-json\/wp\/v2\/posts"}],"about":[{"href":"https:\/\/www.ufsm.br\/orgaos-suplementares\/ru\/wp-json\/wp\/v2\/types\/post"}],"author":[{"embeddable":true,"href":"https:\/\/www.ufsm.br\/orgaos-suplementares\/ru\/wp-json\/wp\/v2\/users\/323"}],"replies":[{"embeddable":true,"href":"https:\/\/www.ufsm.br\/orgaos-suplementares\/ru\/wp-json\/wp\/v2\/comments?post=717"}],"version-history":[{"count":0,"href":"https:\/\/www.ufsm.br\/orgaos-suplementares\/ru\/wp-json\/wp\/v2\/posts\/717\/revisions"}],"wp:attachment":[{"href":"https:\/\/www.ufsm.br\/orgaos-suplementares\/ru\/wp-json\/wp\/v2\/media?parent=717"}],"wp:term":[{"taxonomy":"category","embeddable":true,"href":"https:\/\/www.ufsm.br\/orgaos-suplementares\/ru\/wp-json\/wp\/v2\/categories?post=717"},{"taxonomy":"post_tag","embeddable":true,"href":"https:\/\/www.ufsm.br\/orgaos-suplementares\/ru\/wp-json\/wp\/v2\/tags?post=717"}],"curies":[{"name":"wp","href":"https:\/\/api.w.org\/{rel}","templated":true}]}}