{"id":746,"date":"2023-06-05T09:03:37","date_gmt":"2023-06-05T12:03:37","guid":{"rendered":"https:\/\/www.ufsm.br\/orgaos-suplementares\/ru\/?p=746"},"modified":"2023-06-05T09:03:38","modified_gmt":"2023-06-05T12:03:38","slug":"ru-informa-sobre-a-distribuicao-de-kits-para-o-feriado-de-corpus-christi","status":"publish","type":"post","link":"https:\/\/www.ufsm.br\/orgaos-suplementares\/ru\/2023\/06\/05\/ru-informa-sobre-a-distribuicao-de-kits-para-o-feriado-de-corpus-christi","title":{"rendered":"RU informa sobre a distribui\u00e7\u00e3o de kits para o Feriado de Corpus Christi"},"content":{"rendered":"\n<p style=\"text-align: justify\">O Restaurante Universit\u00e1rio (RU) informa que, do per\u00edodo de 08 a 10 de junho n\u00e3o haver\u00e1 fornecimento de refei\u00e7\u00f5es para a comunidade acad\u00eamica da UFSM devido ao feriado de Corpus Christi (8) e os demais dias (9 e 10) por se tratar de dias n\u00e3o letivos e suspens\u00e3o de atividades administrativas, conforme calend\u00e1rio acad\u00eamico.\u00a0 Para atender a alimenta\u00e7\u00e3o dos alunos residentes nas Casas de Estudantes (CEU) e os seus dependentes ser\u00e1 realizada a entrega de kits de distribui\u00e7\u00e3o de g\u00eaneros aliment\u00edcios.\u00a0\u00a0<\/p>\n<p>Agendamento: <strong>at\u00e9 \u00e0s 11h de ter\u00e7a-feira, dia 06\/06<\/strong><\/p>\n<p>Retirada: <strong>quarta-feira, dia 07\/06, das 15h \u00e0s 17h, no RU Campus I<\/strong><\/p>\n<p>O kit de Distribui\u00e7\u00e3o refere-se a 12 refei\u00e7\u00f5es, contemplando as tr\u00eas refei\u00e7\u00f5es di\u00e1rias do per\u00edodo de 08 a 11 de junho.\u00a0<\/p>\n<p>Os usu\u00e1rios dever\u00e3o trazer recursos (sacolas, caixas, entre outros) para acondicionamento e transporte dos g\u00eaneros relativos ao Kit de distribui\u00e7\u00e3o.<\/p>\n<p style=\"text-align: justify\"><span style=\"color: #ff0000\"><strong>Qualquer problema relacionado ao agendamento do kit, o usu\u00e1rio dever\u00e1 procurar a secretaria do RU Campus I dentro do prazo. O RU refor\u00e7a que o agendamento \u00e9 efetuado somente\u00a0<em>online<\/em> e N\u00c3O ser\u00e1 aceito fora do prazo estabelecido.\u00a0<\/strong><\/span><\/p>\n<p>Mais informa\u00e7\u00f5es na secretaria do RU, pelo fone (55) 3220-8405 ou pelo e-mail secretaria.ru@ufsm.br.<\/p>\n\n\n","protected":false},"excerpt":{"rendered":"<p>O Restaurante Universit\u00e1rio (RU) informa que, do per\u00edodo de 08 a 10 de junho n\u00e3o haver\u00e1 fornecimento de refei\u00e7\u00f5es para a comunidade acad\u00eamica da UFSM devido ao feriado de Corpus Christi (8) e os demais dias (9 e 10) por se tratar de dias n\u00e3o letivos e suspens\u00e3o de atividades administrativas, conforme calend\u00e1rio acad\u00eamico.\u00a0 Para [&hellip;]<\/p>\n","protected":false},"author":323,"featured_media":0,"comment_status":"closed","ping_status":"closed","sticky":false,"template":"","format":"standard","meta":{"footnotes":""},"categories":[1],"tags":[],"class_list":["post-746","post","type-post","status-publish","format-standard","hentry","category-noticias"],"acf":[],"_links":{"self":[{"href":"https:\/\/www.ufsm.br\/orgaos-suplementares\/ru\/wp-json\/wp\/v2\/posts\/746","targetHints":{"allow":["GET"]}}],"collection":[{"href":"https:\/\/www.ufsm.br\/orgaos-suplementares\/ru\/wp-json\/wp\/v2\/posts"}],"about":[{"href":"https:\/\/www.ufsm.br\/orgaos-suplementares\/ru\/wp-json\/wp\/v2\/types\/post"}],"author":[{"embeddable":true,"href":"https:\/\/www.ufsm.br\/orgaos-suplementares\/ru\/wp-json\/wp\/v2\/users\/323"}],"replies":[{"embeddable":true,"href":"https:\/\/www.ufsm.br\/orgaos-suplementares\/ru\/wp-json\/wp\/v2\/comments?post=746"}],"version-history":[{"count":0,"href":"https:\/\/www.ufsm.br\/orgaos-suplementares\/ru\/wp-json\/wp\/v2\/posts\/746\/revisions"}],"wp:attachment":[{"href":"https:\/\/www.ufsm.br\/orgaos-suplementares\/ru\/wp-json\/wp\/v2\/media?parent=746"}],"wp:term":[{"taxonomy":"category","embeddable":true,"href":"https:\/\/www.ufsm.br\/orgaos-suplementares\/ru\/wp-json\/wp\/v2\/categories?post=746"},{"taxonomy":"post_tag","embeddable":true,"href":"https:\/\/www.ufsm.br\/orgaos-suplementares\/ru\/wp-json\/wp\/v2\/tags?post=746"}],"curies":[{"name":"wp","href":"https:\/\/api.w.org\/{rel}","templated":true}]}}