{"id":750,"date":"2023-06-21T11:51:23","date_gmt":"2023-06-21T14:51:23","guid":{"rendered":"https:\/\/www.ufsm.br\/orgaos-suplementares\/ru\/?p=750"},"modified":"2023-06-21T11:51:24","modified_gmt":"2023-06-21T14:51:24","slug":"ru-informa-as-novas-regras-de-acesso-dos-dependentes-nos-restaurantes-universitarios-campus-sede-da-ufsm-a-partir-do-proximo-semestre","status":"publish","type":"post","link":"https:\/\/www.ufsm.br\/orgaos-suplementares\/ru\/2023\/06\/21\/ru-informa-as-novas-regras-de-acesso-dos-dependentes-nos-restaurantes-universitarios-campus-sede-da-ufsm-a-partir-do-proximo-semestre","title":{"rendered":"RU informa as novas regras de acesso dos dependentes nos Restaurantes Universit\u00e1rios Campus Sede da UFSM a partir do pr\u00f3ximo semestre"},"content":{"rendered":"\n<p style=\"text-align: justify\">O Restaurante Universit\u00e1rio (RU) informa que, a partir do segundo semestre letivo deste ano, previsto para iniciar no dia 07 de agosto, conforme o calend\u00e1rio acad\u00eamico da UFSM, o acesso dos dependentes aos Restaurantes Universit\u00e1rios da UFSM <strong>tamb\u00e9m dever\u00e1 ser feito por meio da carteira do RU<\/strong>, seja na <strong><a href=\"https:\/\/www.ufsm.br\/orgaos-suplementares\/ru\/carteira-digital\">vers\u00e3o f\u00edsica ou digital<\/a><\/strong>.<\/p>\n<p style=\"text-align: justify\">Para aqueles dependentes que ainda n\u00e3o t\u00eam a carteira do RU, o pai, a m\u00e3e ou respons\u00e1vel legal (designado em ju\u00edzo) dever\u00e1 enviar uma foto (conforme os requisitos) pelo Portal RU ou no aplicativo de celular UFSM Digital. A carteira somente \u00e9 gerada ap\u00f3s an\u00e1lise e aprova\u00e7\u00e3o da foto pelo RU. A foto <strong>dever\u00e1 ser atualizada anualmente pelos respons\u00e1veis<\/strong>, sempre antes do in\u00edcio do primeiro semestre letivo, conforme calend\u00e1rio acad\u00eamico da UFSM. O RU salienta que a carteira f\u00edsica ou digital do RU \u00e9 de <strong>uso pessoal e intransfer\u00edvel<\/strong>. <\/p>\n<p style=\"text-align: justify\">S\u00e3o considerados dependentes os <strong>filhos de pais, m\u00e3es ou respons\u00e1veis legais que residem juntamente com eles na Casa de Estudante (CEU) da UFSM<\/strong>. Cabe salientar que os <strong>dependentes precisam estar devidamente cadastrados junto \u00e0 Pr\u00f3-Reitoria de Assuntos Estudantis (PRAE)<\/strong> para acesso aos Restaurantes Universit\u00e1rios da UFSM. A inclus\u00e3o bem como a manuten\u00e7\u00e3o do cadastro do dependente \u00e9 de responsabilidade da PRAE.<\/p>\n<p style=\"text-align: justify\"><span style=\"color: #ff0000\"><strong>IMPORTANTE!<\/strong><\/span> O envio da documenta\u00e7\u00e3o necess\u00e1ria para cadastramento do dependente junto \u00e0 PRAE, <strong>N\u00c3O<\/strong> garante o acesso deles aos RUs. <strong>O acesso somente ser\u00e1 permitido ap\u00f3s a conclus\u00e3o do cadastramento<\/strong>, quando \u00e9 gerada assim a matr\u00edcula do dependente como usu\u00e1rio externo. Ainda, \u00e9 facultativo o agendamento das refei\u00e7\u00f5es (caf\u00e9 da manh\u00e3, almo\u00e7o e jantar) para os dependentes sendo <strong>obrigat\u00f3rio o agendamento do kit de distribui\u00e7\u00e3o de g\u00eaneros aliment\u00edcios e marmitex<\/strong> (quando for o caso).<\/p>\n<p style=\"text-align: justify\">A Dire\u00e7\u00e3o do RU refor\u00e7a que durante o per\u00edodo de realiza\u00e7\u00e3o das refei\u00e7\u00f5es nos Restaurantes Universit\u00e1rios, os dependentes dever\u00e3o estar <strong>obrigatoriamente<\/strong> acompanhados do pai, da m\u00e3e ou respons\u00e1vel legal. N\u00e3o ser\u00e1 permitido o acesso do pai, da m\u00e3e ou respons\u00e1vel legal com o seu dependente sem o agendamento obrigat\u00f3rio da refei\u00e7\u00e3o do respons\u00e1vel, mesmo que seja somente para acompanhar o dependente. Tamb\u00e9m n\u00e3o ser\u00e1 permitido o acesso com o seu dependente do pai, da m\u00e3e ou respons\u00e1vel legal que efetuou o agendamento da sua refei\u00e7\u00e3o, nas n\u00e3o ir\u00e1 realiz\u00e1-la naquele momento, mas sim, posteriormente. Os usu\u00e1rios somente poder\u00e3o acessar os Restaurantes Universit\u00e1rios 1 (uma) \u00fanica vez em cada refei\u00e7\u00e3o agendada. <\/p>\n<p style=\"text-align: justify\">Os dependentes que <strong>N\u00c3O<\/strong> s\u00e3o enquadrados no <strong><a href=\"https:\/\/portal.ufsm.br\/documentos\/download.html?action=arquivosIndexados&amp;id=7870987&amp;download=false\">art. 1\u00ba, \u00a7 1\u00ba, da Resolu\u00e7\u00e3o UFSM N. 029\/2016<\/a><\/strong> n\u00e3o t\u00eam acesso aos Restaurantes Universit\u00e1rios da UFSM nem para acompanhar outro usu\u00e1rio, mesmo que n\u00e3o for realizar a refei\u00e7\u00e3o. <\/p>\n<p style=\"text-align: justify\">Mais informa\u00e7\u00f5es na secretaria do RU Campus I, pelo fone (55) 3220-8405 ou ainda pelo e-mail secretaria.ru@ufsm.br.<\/p>\n","protected":false},"excerpt":{"rendered":"<p>O Restaurante Universit\u00e1rio (RU) informa que, a partir do segundo semestre letivo deste ano, previsto para iniciar no dia 07 de agosto, conforme o calend\u00e1rio acad\u00eamico da UFSM, o acesso dos dependentes aos Restaurantes Universit\u00e1rios da UFSM tamb\u00e9m dever\u00e1 ser feito por meio da carteira do RU, seja na vers\u00e3o f\u00edsica ou digital. Para aqueles [&hellip;]<\/p>\n","protected":false},"author":323,"featured_media":0,"comment_status":"closed","ping_status":"closed","sticky":false,"template":"","format":"standard","meta":{"footnotes":""},"categories":[1],"tags":[],"class_list":["post-750","post","type-post","status-publish","format-standard","hentry","category-noticias"],"acf":[],"_links":{"self":[{"href":"https:\/\/www.ufsm.br\/orgaos-suplementares\/ru\/wp-json\/wp\/v2\/posts\/750","targetHints":{"allow":["GET"]}}],"collection":[{"href":"https:\/\/www.ufsm.br\/orgaos-suplementares\/ru\/wp-json\/wp\/v2\/posts"}],"about":[{"href":"https:\/\/www.ufsm.br\/orgaos-suplementares\/ru\/wp-json\/wp\/v2\/types\/post"}],"author":[{"embeddable":true,"href":"https:\/\/www.ufsm.br\/orgaos-suplementares\/ru\/wp-json\/wp\/v2\/users\/323"}],"replies":[{"embeddable":true,"href":"https:\/\/www.ufsm.br\/orgaos-suplementares\/ru\/wp-json\/wp\/v2\/comments?post=750"}],"version-history":[{"count":0,"href":"https:\/\/www.ufsm.br\/orgaos-suplementares\/ru\/wp-json\/wp\/v2\/posts\/750\/revisions"}],"wp:attachment":[{"href":"https:\/\/www.ufsm.br\/orgaos-suplementares\/ru\/wp-json\/wp\/v2\/media?parent=750"}],"wp:term":[{"taxonomy":"category","embeddable":true,"href":"https:\/\/www.ufsm.br\/orgaos-suplementares\/ru\/wp-json\/wp\/v2\/categories?post=750"},{"taxonomy":"post_tag","embeddable":true,"href":"https:\/\/www.ufsm.br\/orgaos-suplementares\/ru\/wp-json\/wp\/v2\/tags?post=750"}],"curies":[{"name":"wp","href":"https:\/\/api.w.org\/{rel}","templated":true}]}}