{"id":773,"date":"2023-07-12T09:58:58","date_gmt":"2023-07-12T12:58:58","guid":{"rendered":"https:\/\/www.ufsm.br\/orgaos-suplementares\/ru\/?p=773"},"modified":"2023-07-28T20:26:24","modified_gmt":"2023-07-28T23:26:24","slug":"funcionamento-dos-rus-no-final-do-semestre-letivo","status":"publish","type":"post","link":"https:\/\/www.ufsm.br\/orgaos-suplementares\/ru\/2023\/07\/12\/funcionamento-dos-rus-no-final-do-semestre-letivo","title":{"rendered":"Funcionamento dos RUs no final do semestre letivo"},"content":{"rendered":"\t\t<div data-elementor-type=\"wp-post\" data-elementor-id=\"773\" class=\"elementor elementor-773\">\n\t\t\t\t\t\t<section class=\"elementor-section elementor-top-section elementor-element elementor-element-75ef510 elementor-section-boxed elementor-section-height-default elementor-section-height-default\" data-id=\"75ef510\" data-element_type=\"section\">\n\t\t\t\t\t\t<div class=\"elementor-container elementor-column-gap-default\">\n\t\t\t\t\t<div class=\"elementor-column elementor-col-100 elementor-top-column elementor-element elementor-element-38617323\" data-id=\"38617323\" data-element_type=\"column\">\n\t\t\t<div class=\"elementor-widget-wrap elementor-element-populated\">\n\t\t\t\t\t\t<div class=\"elementor-element elementor-element-5e669292 elementor-widget elementor-widget-text-editor\" data-id=\"5e669292\" data-element_type=\"widget\" data-widget_type=\"text-editor.default\">\n\t\t\t\t<div class=\"elementor-widget-container\">\n\t\t\t\t\t\t\t<p><!-- wp:tadv\/classic-paragraph --><\/p>\n<p>O Restaurante Universit\u00e1rio informa sobre o funcionamento dos RUs Campus sede, no per\u00edodo entre os dias 22 de julho e 06 de agosto:<\/p>\n<p>Durante este per\u00edodo as refei\u00e7\u00f5es ser\u00e3o servidas de segunda \u00e0 sexta-feira somente no RU Campus 1. O RU Campus 2 permanecer\u00e1 fechado.<\/p>\n<p>O atendimento ser\u00e1 limitado aos seguintes grupos e sua <strong>libera\u00e7\u00e3o ser\u00e1 autom\u00e1tica no sistema<\/strong>:<\/p>\n<ul>\n<li>I) Estudantes com benef\u00edcio socioecon\u00f4mico (BSE) ativo;<\/li>\n<li>II) Filhos de pais ou m\u00e3es residentes na Casa do Estudante (dependentes) devidamente cadastrados na PRAE, conforme definido pela <a href=\"https:\/\/www.ufsm.br\/pro-reitorias\/proplan\/resolucao-n-029-2016\">Resolu\u00e7\u00e3o 029\/2016 da UFSM;<\/a><\/li>\n<li>III) Estudantes sem BSE mas com bolsa institucional, desde que esteja ativa e vigente no sistema da UFSM at\u00e9 o dia 20\/07\/2023 (alunos de p\u00f3s-gradua\u00e7\u00e3o enquadram-se no item IV);<\/li>\n<li>IV) Estudantes sem BSE mas com cadastro ativo em projetos vigentes (ensino, pesquisa ou extens\u00e3o) cadastrados no Portal de Projetos da UFSM, sendo o prazo limite para o cadastro o dia 20\/07\/2023. <span style=\"text-decoration: underline\">Salientamos que a responsabilidade&nbsp; pelo cadastro dos participantes nos projetos \u00e9 do seu respectivo orientador<\/span>;<\/li>\n<li>V) Estudantes regulamente matriculados e com matr\u00edcula ativa no Col\u00e9gio Polit\u00e9cnico e Col\u00e9gio T\u00e9cnico Industrial da UFSM;<\/li>\n<li>VI) Estudantes com matr\u00edcula regular e ativa nos programas de resid\u00eancias multiprofissional e m\u00e9dica;<\/li>\n<li>VII) Servidores da UFSM (TAEs e Docentes), Visitantes e volunt\u00e1rios regulamentados pela <a href=\"https:\/\/portal.ufsm.br\/documentos\/download.html?action=arquivosIndexados&amp;id=14227010&amp;download=false\" target=\"_blank\" rel=\"noopener\">Resolu\u00e7\u00e3o 098\/2022<\/a><\/li>\n<\/ul>\n<p>Aten\u00e7\u00e3o: Refor\u00e7amos a necessidade de os estudantes enquadrados nos grupos III e IV estarem devidamente cadastrados em bolsas ou projetos na UFSM at\u00e9 o dia 20 de julho. Caso contr\u00e1rio n\u00e3o ter\u00e3o acesso \u00e0s refei\u00e7\u00f5es no per\u00edodo de recesso.<\/p>\n<ul style=\"list-style-type: square\">\n<li>Ser\u00e3o ofertados Kits de distribui\u00e7\u00e3o nos dias 21\/07, 28\/07 e 02\/08 para suprir a alimenta\u00e7\u00e3o nos finais de semana do per\u00edodo n\u00e3o letivo (ser\u00e1 publicado um cronograma sobre datas e hor\u00e1rios das distribui\u00e7\u00f5es).&nbsp;<\/li>\n<li>Na segunda-feira, dia 07 de agosto o Restaurante Universit\u00e1rio retorna com o atendimento a toda a comunidade acad\u00eamica.<\/li>\n<li>Em caso de d\u00favidas, dirija-se \u00e0 secretaria do RU, atrav\u00e9s do telefone (55) 3220 8405 ou ainda no email secretaria.ru@ufsm.br<\/li>\n<\/ul>\n<p style=\"text-align: center\"><img fetchpriority=\"high\" decoding=\"async\" class=\"wp-image-774 size-full aligncenter\" src=\"https:\/\/www.ufsm.br\/app\/uploads\/sites\/398\/2023\/07\/Ferias1.jpeg\" alt=\"\" width=\"612\" height=\"330\" srcset=\"https:\/\/www.ufsm.br\/app\/uploads\/sites\/398\/2023\/07\/Ferias1.jpeg 612w, https:\/\/www.ufsm.br\/app\/uploads\/sites\/398\/2023\/07\/Ferias1-300x162.jpeg 300w\" sizes=\"(max-width: 612px) 100vw, 612px\" \/><\/p>\n<p><\/p>\n<p><!-- \/wp:tadv\/classic-paragraph --><\/p>\n<p><!-- wp:tadv\/classic-paragraph \/--><\/p>\t\t\t\t\t\t<\/div>\n\t\t\t\t<\/div>\n\t\t\t\t\t<\/div>\n\t\t<\/div>\n\t\t\t\t\t<\/div>\n\t\t<\/section>\n\t\t\t\t<\/div>\n\t\t","protected":false},"excerpt":{"rendered":"<p>O Restaurante Universit\u00e1rio informa sobre o funcionamento dos RUs Campus sede, no per\u00edodo entre os dias 22 de julho e 06 de agosto: Durante este per\u00edodo as refei\u00e7\u00f5es ser\u00e3o servidas de segunda \u00e0 sexta-feira somente no RU Campus 1. O RU Campus 2 permanecer\u00e1 fechado. O atendimento ser\u00e1 limitado aos seguintes grupos e sua libera\u00e7\u00e3o [&hellip;]<\/p>\n","protected":false},"author":5814,"featured_media":0,"comment_status":"closed","ping_status":"closed","sticky":false,"template":"","format":"standard","meta":{"footnotes":""},"categories":[1],"tags":[],"class_list":["post-773","post","type-post","status-publish","format-standard","hentry","category-noticias"],"acf":[],"_links":{"self":[{"href":"https:\/\/www.ufsm.br\/orgaos-suplementares\/ru\/wp-json\/wp\/v2\/posts\/773","targetHints":{"allow":["GET"]}}],"collection":[{"href":"https:\/\/www.ufsm.br\/orgaos-suplementares\/ru\/wp-json\/wp\/v2\/posts"}],"about":[{"href":"https:\/\/www.ufsm.br\/orgaos-suplementares\/ru\/wp-json\/wp\/v2\/types\/post"}],"author":[{"embeddable":true,"href":"https:\/\/www.ufsm.br\/orgaos-suplementares\/ru\/wp-json\/wp\/v2\/users\/5814"}],"replies":[{"embeddable":true,"href":"https:\/\/www.ufsm.br\/orgaos-suplementares\/ru\/wp-json\/wp\/v2\/comments?post=773"}],"version-history":[{"count":0,"href":"https:\/\/www.ufsm.br\/orgaos-suplementares\/ru\/wp-json\/wp\/v2\/posts\/773\/revisions"}],"wp:attachment":[{"href":"https:\/\/www.ufsm.br\/orgaos-suplementares\/ru\/wp-json\/wp\/v2\/media?parent=773"}],"wp:term":[{"taxonomy":"category","embeddable":true,"href":"https:\/\/www.ufsm.br\/orgaos-suplementares\/ru\/wp-json\/wp\/v2\/categories?post=773"},{"taxonomy":"post_tag","embeddable":true,"href":"https:\/\/www.ufsm.br\/orgaos-suplementares\/ru\/wp-json\/wp\/v2\/tags?post=773"}],"curies":[{"name":"wp","href":"https:\/\/api.w.org\/{rel}","templated":true}]}}