{"id":787,"date":"2023-07-31T08:03:11","date_gmt":"2023-07-31T11:03:11","guid":{"rendered":"https:\/\/www.ufsm.br\/orgaos-suplementares\/ru\/?p=787"},"modified":"2023-07-31T08:03:13","modified_gmt":"2023-07-31T11:03:13","slug":"atencao-moradores-da-ceu-kit-de-distribuicao-dia-02-08","status":"publish","type":"post","link":"https:\/\/www.ufsm.br\/orgaos-suplementares\/ru\/2023\/07\/31\/atencao-moradores-da-ceu-kit-de-distribuicao-dia-02-08","title":{"rendered":"Aten\u00e7\u00e3o moradores da CEU: Kit de distribui\u00e7\u00e3o dia 02\/08!"},"content":{"rendered":"\n<p style=\"text-align: justify\">Conforme j\u00e1 <a href=\"https:\/\/www.ufsm.br\/orgaos-suplementares\/ru\/2023\/07\/28\/ru-fechado-para-manutencoes-nos-dias-03-04-e-05-de-agosto\">informado anteriormente<\/a>, refor\u00e7amos que o RU n\u00e3o abrir\u00e1 nos dias 03, 04 e 05 de agosto. Assim, est\u00e1 aberto o prazo de agendamento do kit de distribui\u00e7\u00e3o para este per\u00edodo!<\/p>\n<p style=\"text-align: justify\">O agendamento pode ser feito at\u00e9 as 11h do dia 01\/08 (ter\u00e7a-feira) atrav\u00e9s do Portal RU ou APP UFSM Digital. N\u00e3o deixe para a \u00faltima hora!<\/p>\n<p style=\"text-align: justify\">Lembrando que o Kit \u00e9 oferecido apenas aos moradores da Casa do Estudante que possuem BSE ativo, e que o mesmo \u00e9 entregue apenas ao titular, exceto nos casos previstos pelo <a href=\"https:\/\/www.ufsm.br\/app\/uploads\/sites\/398\/2023\/02\/Regulamento_interno_kit_distrib_generos-2.pdf\">Regulamento Interno do Kit de Distribui\u00e7\u00e3o.<\/a><\/p>\n<p>Em caso de d\u00favidas, dirija-se \u00e0 secretaria do RU, fa\u00e7a contato atrav\u00e9s do telefone (55) 3220 8405 ou ainda no email: secretaria.ru@ufsm.br<\/p>\n<p>Siga tamb\u00e9m nosso perfil no Instagram @ru.ufsm.sm e acompanhe nosso site para se manter sempre informado(a)!<\/p>\n","protected":false},"excerpt":{"rendered":"<p>Conforme j\u00e1 informado anteriormente, refor\u00e7amos que o RU n\u00e3o abrir\u00e1 nos dias 03, 04 e 05 de agosto. Assim, est\u00e1 aberto o prazo de agendamento do kit de distribui\u00e7\u00e3o para este per\u00edodo! O agendamento pode ser feito at\u00e9 as 11h do dia 01\/08 (ter\u00e7a-feira) atrav\u00e9s do Portal RU ou APP UFSM Digital. N\u00e3o deixe para [&hellip;]<\/p>\n","protected":false},"author":5814,"featured_media":0,"comment_status":"closed","ping_status":"closed","sticky":false,"template":"","format":"standard","meta":{"footnotes":""},"categories":[1],"tags":[],"class_list":["post-787","post","type-post","status-publish","format-standard","hentry","category-noticias"],"acf":[],"_links":{"self":[{"href":"https:\/\/www.ufsm.br\/orgaos-suplementares\/ru\/wp-json\/wp\/v2\/posts\/787","targetHints":{"allow":["GET"]}}],"collection":[{"href":"https:\/\/www.ufsm.br\/orgaos-suplementares\/ru\/wp-json\/wp\/v2\/posts"}],"about":[{"href":"https:\/\/www.ufsm.br\/orgaos-suplementares\/ru\/wp-json\/wp\/v2\/types\/post"}],"author":[{"embeddable":true,"href":"https:\/\/www.ufsm.br\/orgaos-suplementares\/ru\/wp-json\/wp\/v2\/users\/5814"}],"replies":[{"embeddable":true,"href":"https:\/\/www.ufsm.br\/orgaos-suplementares\/ru\/wp-json\/wp\/v2\/comments?post=787"}],"version-history":[{"count":0,"href":"https:\/\/www.ufsm.br\/orgaos-suplementares\/ru\/wp-json\/wp\/v2\/posts\/787\/revisions"}],"wp:attachment":[{"href":"https:\/\/www.ufsm.br\/orgaos-suplementares\/ru\/wp-json\/wp\/v2\/media?parent=787"}],"wp:term":[{"taxonomy":"category","embeddable":true,"href":"https:\/\/www.ufsm.br\/orgaos-suplementares\/ru\/wp-json\/wp\/v2\/categories?post=787"},{"taxonomy":"post_tag","embeddable":true,"href":"https:\/\/www.ufsm.br\/orgaos-suplementares\/ru\/wp-json\/wp\/v2\/tags?post=787"}],"curies":[{"name":"wp","href":"https:\/\/api.w.org\/{rel}","templated":true}]}}