{"id":789,"date":"2023-08-21T09:49:40","date_gmt":"2023-08-21T12:49:40","guid":{"rendered":"https:\/\/www.ufsm.br\/orgaos-suplementares\/ru\/?p=789"},"modified":"2026-09-01T12:53:22","modified_gmt":"2026-09-01T15:53:22","slug":"sobre-o-teto-limite-de-agendamentos","status":"publish","type":"post","link":"https:\/\/www.ufsm.br\/orgaos-suplementares\/ru\/2023\/08\/21\/sobre-o-teto-limite-de-agendamentos","title":{"rendered":"Sobre o teto limite de agendamentos"},"content":{"rendered":"\n<p>\u00a0 \u00a0 \u00a0Em atendimento ao limite de lota\u00e7\u00e3o dos refeit\u00f3rios, estabelecido no Plano de Preven\u00e7\u00e3o e Prote\u00e7\u00e3o Contra Inc\u00eandios (PPCI), e tamb\u00e9m visando minimizar o percentual de n\u00e3o comparecimentos, o Restaurante Universit\u00e1rio disponibiliza um n\u00famero limitado de agendamentos di\u00e1rios para as refei\u00e7\u00f5es, este n\u00famero \u00e9 o j\u00e1 conhecido Teto de Agendamento.<\/p>\n<p>\u00a0 \u00a0 \u00a0Ao atingir o teto limite de cada restaurante, o sistema impede a realiza\u00e7\u00e3o de novos agendamentos, e neste caso o usu\u00e1rio tem a op\u00e7\u00e3o de entrar na lista de espera virtual. A lista de espera \u00e9 aberta logo ap\u00f3s o encerramento do prazo de agendamento e redistribui automaticamente (respeitando a ordem de entrada na lista) os agendamentos disponibilizados por outros usu\u00e1rios que, conseguiram agendar a refei\u00e7\u00e3o, mas que por algum motivo n\u00e3o poder\u00e3o comparecer.<\/p>\n<p>\u00a0 \u00a0 \u00a0Lembrando que a entrada na lista n\u00e3o garante o acesso a refei\u00e7\u00e3o e este somente ser\u00e1 garantido quando sua posi\u00e7\u00e3o na lista chegar em zero, neste momento voc\u00ea automaticamente sai da lista e estar\u00e1 agendado.<\/p>\n<p>\u00a0 \u00a0 \u00a0Por isso \u00e9 t\u00e3o importante que o usu\u00e1rio agende somente as refei\u00e7\u00f5es em que ir\u00e1 realizar, e se por qualquer raz\u00e3o, perceber que n\u00e3o conseguir\u00e1 comparecer, <u>disponibilize<\/u> o agendamento.<\/p>\n<p>\u00a0 \u00a0 \u00a0Recentemente foi estabelecido o teto limite para todas as refei\u00e7\u00f5es da seguinte forma:<\/p>\n<table>\n<tbody>\n<tr>\n<td style=\"text-align: center\" width=\"121\">\n<p>Restaurante<\/p>\n<\/td>\n<td style=\"text-align: center\" width=\"121\">\n<p>Refei\u00e7\u00e3o<\/p>\n<\/td>\n<td style=\"text-align: center\" width=\"140\">\n<p>Teto Limite<\/p>\n<\/td>\n<\/tr>\n<tr>\n<td style=\"text-align: center\" rowspan=\"3\" width=\"121\">\n<p>\u00a0<\/p>\n<p>RU 1<\/p>\n<\/td>\n<td style=\"text-align: center\" width=\"121\">\n<p>Caf\u00e9*<\/p>\n<\/td>\n<td style=\"text-align: center\" width=\"140\">\n<p>2000<\/p>\n<\/td>\n<\/tr>\n<tr>\n<td style=\"text-align: center\" width=\"121\">\n<p>Almo\u00e7o<\/p>\n<\/td>\n<td style=\"text-align: center\" width=\"140\">\n<p>4500<\/p>\n<\/td>\n<\/tr>\n<tr>\n<td style=\"text-align: center\" width=\"121\">\n<p>Jantar*<\/p>\n<\/td>\n<td style=\"text-align: center\" width=\"140\">\n<p>3500<\/p>\n<\/td>\n<\/tr>\n<tr>\n<td style=\"text-align: center\" width=\"121\">\n<p>RU 2<\/p>\n<\/td>\n<td style=\"text-align: center\" width=\"121\">\n<p>Almo\u00e7o<\/p>\n<\/td>\n<td style=\"text-align: center\" width=\"140\">\n<p>3500<\/p>\n<\/td>\n<\/tr>\n<\/tbody>\n<\/table>\n<p>*O teto estabelecido para o Caf\u00e9 e o Jantar est\u00e1 em per\u00edodo de testes.<\/p>\n<p>\u00a0<\/p>\n","protected":false},"excerpt":{"rendered":"<p>\u00a0 \u00a0 \u00a0Em atendimento ao limite de lota\u00e7\u00e3o dos refeit\u00f3rios, estabelecido no Plano de Preven\u00e7\u00e3o e Prote\u00e7\u00e3o Contra Inc\u00eandios (PPCI), e tamb\u00e9m visando minimizar o percentual de n\u00e3o comparecimentos, o Restaurante Universit\u00e1rio disponibiliza um n\u00famero limitado de agendamentos di\u00e1rios para as refei\u00e7\u00f5es, este n\u00famero \u00e9 o j\u00e1 conhecido Teto de Agendamento. \u00a0 \u00a0 \u00a0Ao atingir [&hellip;]<\/p>\n","protected":false},"author":5814,"featured_media":0,"comment_status":"closed","ping_status":"closed","sticky":false,"template":"","format":"standard","meta":{"footnotes":""},"categories":[1],"tags":[],"class_list":["post-789","post","type-post","status-publish","format-standard","hentry","category-noticias"],"acf":[],"_links":{"self":[{"href":"https:\/\/www.ufsm.br\/orgaos-suplementares\/ru\/wp-json\/wp\/v2\/posts\/789","targetHints":{"allow":["GET"]}}],"collection":[{"href":"https:\/\/www.ufsm.br\/orgaos-suplementares\/ru\/wp-json\/wp\/v2\/posts"}],"about":[{"href":"https:\/\/www.ufsm.br\/orgaos-suplementares\/ru\/wp-json\/wp\/v2\/types\/post"}],"author":[{"embeddable":true,"href":"https:\/\/www.ufsm.br\/orgaos-suplementares\/ru\/wp-json\/wp\/v2\/users\/5814"}],"replies":[{"embeddable":true,"href":"https:\/\/www.ufsm.br\/orgaos-suplementares\/ru\/wp-json\/wp\/v2\/comments?post=789"}],"version-history":[{"count":0,"href":"https:\/\/www.ufsm.br\/orgaos-suplementares\/ru\/wp-json\/wp\/v2\/posts\/789\/revisions"}],"wp:attachment":[{"href":"https:\/\/www.ufsm.br\/orgaos-suplementares\/ru\/wp-json\/wp\/v2\/media?parent=789"}],"wp:term":[{"taxonomy":"category","embeddable":true,"href":"https:\/\/www.ufsm.br\/orgaos-suplementares\/ru\/wp-json\/wp\/v2\/categories?post=789"},{"taxonomy":"post_tag","embeddable":true,"href":"https:\/\/www.ufsm.br\/orgaos-suplementares\/ru\/wp-json\/wp\/v2\/tags?post=789"}],"curies":[{"name":"wp","href":"https:\/\/api.w.org\/{rel}","templated":true}]}}