{"id":790,"date":"2023-08-22T08:44:18","date_gmt":"2023-08-22T11:44:18","guid":{"rendered":"https:\/\/www.ufsm.br\/orgaos-suplementares\/ru\/?p=790"},"modified":"2023-08-22T08:45:14","modified_gmt":"2023-08-22T11:45:14","slug":"novas-regras-de-acesso-dos-dependentes-dos-moradores-da-ceu-nos-rus-campus-sede-da-ufsm-ja-estao-vigentes","status":"publish","type":"post","link":"https:\/\/www.ufsm.br\/orgaos-suplementares\/ru\/2023\/08\/22\/novas-regras-de-acesso-dos-dependentes-dos-moradores-da-ceu-nos-rus-campus-sede-da-ufsm-ja-estao-vigentes","title":{"rendered":"Novas regras de acesso dos dependentes dos moradores da CEU nos RUs Campus Sede da UFSM j\u00e1 est\u00e3o vigentes"},"content":{"rendered":"\n<p style=\"text-align: justify\">Conforme not\u00edcia j\u00e1 publicada no site do RU (<strong><a href=\"https:\/\/www.ufsm.br\/orgaos-suplementares\/ru\/2023\/06\/21\/ru-informa-as-novas-regras-de-acesso-dos-dependentes-nos-restaurantes-universitarios-campus-sede-da-ufsm-a-partir-do-proximo-semestre\">ver not\u00edcia<\/a><\/strong>), a partir do in\u00edcio deste semestre (07\/08), o acesso dos dependentes aos Restaurantes Universit\u00e1rios da UFSM foi modificado. Entre as modifica\u00e7\u00f5es est\u00e3o:<\/p>\n<p style=\"text-align: justify\">1) O acesso dos dependentes aos refeit\u00f3rios tamb\u00e9m ser\u00e1 realizado atrav\u00e9s da carteira do RU (f\u00edsica ou digital). O RU salienta que a carteira f\u00edsica ou digital \u00e9 de <strong>uso pessoal e intransfer\u00edvel<\/strong>;<br \/>2) A foto do dependente, presente na carteira do RU, <strong>dever\u00e1 ser atualizada anualmente<\/strong> pelos respons\u00e1veis, <strong>sempre antes do in\u00edcio do primeiro semestre letivo<\/strong>, conforme calend\u00e1rio acad\u00eamico da UFSM;<br \/>3) A <strong>obrigatoriedade no acompanhamento<\/strong> do respons\u00e1vel legal durante o acesso e a realiza\u00e7\u00e3o das refei\u00e7\u00f5es do dependente; <br \/>4) N\u00e3o \u00e9 permitido o acesso do pai, da m\u00e3e ou respons\u00e1vel legal com o seu dependente sem o agendamento obrigat\u00f3rio da refei\u00e7\u00e3o do respons\u00e1vel, mesmo que seja somente para acompanhar o dependente; e, <br \/>5) N\u00e3o \u00e9 permitido o acesso com o seu dependente do pai, da m\u00e3e ou respons\u00e1vel legal que efetuou o agendamento da sua refei\u00e7\u00e3o, nas n\u00e3o ir\u00e1 realiz\u00e1-la naquele momento, mas sim, posteriormente. Os usu\u00e1rios somente poder\u00e3o acessar os Restaurantes Universit\u00e1rios 1 (uma) \u00fanica vez em cada refei\u00e7\u00e3o agendada.<\/p>\n<p style=\"text-align: justify\">Cabe salientar que os dependentes <strong>precisam estar devidamente cadastrados junto \u00e0 Pr\u00f3-Reitoria de Assuntos Estudantis (PRAE)<\/strong> <strong>para acesso aos Restaurantes Universit\u00e1rios da UFSM<\/strong>. A inclus\u00e3o bem como a manuten\u00e7\u00e3o do cadastro do dependente \u00e9 de responsabilidade da PRAE.<\/p>\n<p style=\"text-align: justify\"><span style=\"color: #ff0000\"><strong>IMPORTANTE!<\/strong><\/span> O envio da documenta\u00e7\u00e3o necess\u00e1ria para cadastramento do dependente junto \u00e0 PRAE, <span style=\"color: #ff0000\"><strong>N\u00c3O<\/strong><\/span> garante o acesso deles aos RUs. <strong>O acesso somente ser\u00e1 permitido ap\u00f3s a conclus\u00e3o do cadastramento<\/strong>, quando \u00e9 gerada assim a matr\u00edcula do dependente como usu\u00e1rio externo. Ainda, \u00e9 facultativo o agendamento das refei\u00e7\u00f5es (caf\u00e9 da manh\u00e3, almo\u00e7o e jantar) para os dependentes <strong>sendo obrigat\u00f3rio o agendamento do kit de distribui\u00e7\u00e3o de g\u00eaneros aliment\u00edcios e marmitex<\/strong> (quando for o caso). Os <strong>dependentes que n\u00e3o s\u00e3o enquadrados<\/strong> no <strong><a href=\"https:\/\/portal.ufsm.br\/documentos\/download.html?action=arquivosIndexados&amp;id=7870987&amp;download=false\">art. 1\u00ba, \u00a7 1\u00ba, da Resolu\u00e7\u00e3o UFSM N. 029\/2016<\/a><\/strong> <span style=\"color: #ff0000\"><strong>N\u00c3O<\/strong><\/span> t\u00eam acesso aos Restaurantes Universit\u00e1rios da UFSM nem para acompanhar outro usu\u00e1rio, mesmo que n\u00e3o for realizar a refei\u00e7\u00e3o. <\/p>\n<p style=\"text-align: justify\">Mais informa\u00e7\u00f5es na secretaria do RU Campus I, pelo fone (55) 3220-8405 ou ainda pelo e-mail secretaria.ru@ufsm.br.<\/p>\n","protected":false},"excerpt":{"rendered":"<p>Conforme not\u00edcia j\u00e1 publicada no site do RU (ver not\u00edcia), a partir do in\u00edcio deste semestre (07\/08), o acesso dos dependentes aos Restaurantes Universit\u00e1rios da UFSM foi modificado. Entre as modifica\u00e7\u00f5es est\u00e3o: 1) O acesso dos dependentes aos refeit\u00f3rios tamb\u00e9m ser\u00e1 realizado atrav\u00e9s da carteira do RU (f\u00edsica ou digital). O RU salienta que a [&hellip;]<\/p>\n","protected":false},"author":323,"featured_media":0,"comment_status":"closed","ping_status":"closed","sticky":false,"template":"","format":"standard","meta":{"footnotes":""},"categories":[1],"tags":[],"class_list":["post-790","post","type-post","status-publish","format-standard","hentry","category-noticias"],"acf":[],"_links":{"self":[{"href":"https:\/\/www.ufsm.br\/orgaos-suplementares\/ru\/wp-json\/wp\/v2\/posts\/790","targetHints":{"allow":["GET"]}}],"collection":[{"href":"https:\/\/www.ufsm.br\/orgaos-suplementares\/ru\/wp-json\/wp\/v2\/posts"}],"about":[{"href":"https:\/\/www.ufsm.br\/orgaos-suplementares\/ru\/wp-json\/wp\/v2\/types\/post"}],"author":[{"embeddable":true,"href":"https:\/\/www.ufsm.br\/orgaos-suplementares\/ru\/wp-json\/wp\/v2\/users\/323"}],"replies":[{"embeddable":true,"href":"https:\/\/www.ufsm.br\/orgaos-suplementares\/ru\/wp-json\/wp\/v2\/comments?post=790"}],"version-history":[{"count":0,"href":"https:\/\/www.ufsm.br\/orgaos-suplementares\/ru\/wp-json\/wp\/v2\/posts\/790\/revisions"}],"wp:attachment":[{"href":"https:\/\/www.ufsm.br\/orgaos-suplementares\/ru\/wp-json\/wp\/v2\/media?parent=790"}],"wp:term":[{"taxonomy":"category","embeddable":true,"href":"https:\/\/www.ufsm.br\/orgaos-suplementares\/ru\/wp-json\/wp\/v2\/categories?post=790"},{"taxonomy":"post_tag","embeddable":true,"href":"https:\/\/www.ufsm.br\/orgaos-suplementares\/ru\/wp-json\/wp\/v2\/tags?post=790"}],"curies":[{"name":"wp","href":"https:\/\/api.w.org\/{rel}","templated":true}]}}