{"id":791,"date":"2023-08-23T15:26:31","date_gmt":"2023-08-23T18:26:31","guid":{"rendered":"https:\/\/www.ufsm.br\/orgaos-suplementares\/ru\/?p=791"},"modified":"2023-08-23T17:33:33","modified_gmt":"2023-08-23T20:33:33","slug":"distribuicao-ocorrera-no-sabado-pela-manha-e-nao-havera-jantar","status":"publish","type":"post","link":"https:\/\/www.ufsm.br\/orgaos-suplementares\/ru\/2023\/08\/23\/distribuicao-ocorrera-no-sabado-pela-manha-e-nao-havera-jantar","title":{"rendered":"Distribui\u00e7\u00e3o ocorrer\u00e1 no s\u00e1bado pela manh\u00e3 e n\u00e3o haver\u00e1 jantar!"},"content":{"rendered":"\n<p style=\"text-align: justify\">Conforme o <a href=\"https:\/\/ufsm.br\/r-1-63451\" target=\"_blank\" rel=\"noopener\">noticiado pela Pr\u00f3-Reitoria de Infraestrutura da UFSM<\/a>, no pr\u00f3ximo s\u00e1bado dia 26 de agosto, haver\u00e1 a interrup\u00e7\u00e3o do fornecimento de energia el\u00e9trica no Restaurante Universit\u00e1rio no per\u00edodo entre 14h e 17h, desta forma o RU n\u00e3o servir\u00e1 o jantar neste dia e o kit de distribui\u00e7\u00e3o ser\u00e1 entregue na parte da manh\u00e3 aos moradores da Casa do Estudante contemplando tamb\u00e9m esta refei\u00e7\u00e3o.<\/p>\n<p style=\"text-align: justify\">O agendamento deve ser realizado at\u00e9 quinta feira 24\/08 \u00e0s 11h, refor\u00e7amos que o Kit \u00e9 oferecido para estudantes moradores da CEU com BSE ativo e mediante agendamento obrigat\u00f3rio.<\/p>\n<ul>\n<li>O prazo de agendamento encerra na quinta feira 24\/08 \u00e0s 11h;<\/li>\n<li>O agendamento que deve ser realizado \u00e9 o da op\u00e7\u00e3o normal &#8220;Kit distribui\u00e7\u00e3o 1 (C + A + J)&#8221;, e este ir\u00e1 contemplar o jantar de s\u00e1bado al\u00e9m das refei\u00e7\u00f5es de domingo;<\/li>\n<li>A entrega dos Kits ocorre no s\u00e1bado 26\/08 das 09:15 \u00e0s 10:30, no refeit\u00f3rio do RU Campus 1;<\/li>\n<li>A distribui\u00e7\u00e3o de Kits acontece conforme o regulamento interno que pode ser visto <a href=\"https:\/\/www.ufsm.br\/app\/uploads\/sites\/398\/2023\/02\/Regulamento_interno_kit_distrib_generos-2.pdf\" target=\"_blank\" rel=\"noopener\">CLICANDO AQUI;<\/a><\/li>\n<li>N\u00e3o ser\u00e1 servido jantar no s\u00e1bado dia 26\/08.<\/li>\n<\/ul>\n<p>Em caso de d\u00favidas, entre em contato atrav\u00e9s do email secretaria.ru@ufsm.br , do telefone (55) 3220 8405, ou ainda presencialmente na secretaria do restaurante (anexo ao RU1) de segunda a sexta-feira das 10:30 \u00e0s 13h e das 14h \u00e0s 15:30.<\/p>\n<p>\u00a0<\/p>\n<p><img fetchpriority=\"high\" decoding=\"async\" class=\"aligncenter wp-image-792\" src=\"https:\/\/www.ufsm.br\/app\/uploads\/sites\/398\/2023\/08\/apagao.jpg\" alt=\"\" width=\"500\" height=\"303\" srcset=\"https:\/\/www.ufsm.br\/app\/uploads\/sites\/398\/2023\/08\/apagao.jpg 838w, https:\/\/www.ufsm.br\/app\/uploads\/sites\/398\/2023\/08\/apagao-300x182.jpg 300w, https:\/\/www.ufsm.br\/app\/uploads\/sites\/398\/2023\/08\/apagao-768x466.jpg 768w\" sizes=\"(max-width: 500px) 100vw, 500px\" \/><\/p>\n","protected":false},"excerpt":{"rendered":"<p>Conforme o noticiado pela Pr\u00f3-Reitoria de Infraestrutura da UFSM, no pr\u00f3ximo s\u00e1bado dia 26 de agosto, haver\u00e1 a interrup\u00e7\u00e3o do fornecimento de energia el\u00e9trica no Restaurante Universit\u00e1rio no per\u00edodo entre 14h e 17h, desta forma o RU n\u00e3o servir\u00e1 o jantar neste dia e o kit de distribui\u00e7\u00e3o ser\u00e1 entregue na parte da manh\u00e3 aos [&hellip;]<\/p>\n","protected":false},"author":5814,"featured_media":0,"comment_status":"closed","ping_status":"closed","sticky":false,"template":"","format":"standard","meta":{"footnotes":""},"categories":[1],"tags":[],"class_list":["post-791","post","type-post","status-publish","format-standard","hentry","category-noticias"],"acf":[],"_links":{"self":[{"href":"https:\/\/www.ufsm.br\/orgaos-suplementares\/ru\/wp-json\/wp\/v2\/posts\/791","targetHints":{"allow":["GET"]}}],"collection":[{"href":"https:\/\/www.ufsm.br\/orgaos-suplementares\/ru\/wp-json\/wp\/v2\/posts"}],"about":[{"href":"https:\/\/www.ufsm.br\/orgaos-suplementares\/ru\/wp-json\/wp\/v2\/types\/post"}],"author":[{"embeddable":true,"href":"https:\/\/www.ufsm.br\/orgaos-suplementares\/ru\/wp-json\/wp\/v2\/users\/5814"}],"replies":[{"embeddable":true,"href":"https:\/\/www.ufsm.br\/orgaos-suplementares\/ru\/wp-json\/wp\/v2\/comments?post=791"}],"version-history":[{"count":0,"href":"https:\/\/www.ufsm.br\/orgaos-suplementares\/ru\/wp-json\/wp\/v2\/posts\/791\/revisions"}],"wp:attachment":[{"href":"https:\/\/www.ufsm.br\/orgaos-suplementares\/ru\/wp-json\/wp\/v2\/media?parent=791"}],"wp:term":[{"taxonomy":"category","embeddable":true,"href":"https:\/\/www.ufsm.br\/orgaos-suplementares\/ru\/wp-json\/wp\/v2\/categories?post=791"},{"taxonomy":"post_tag","embeddable":true,"href":"https:\/\/www.ufsm.br\/orgaos-suplementares\/ru\/wp-json\/wp\/v2\/tags?post=791"}],"curies":[{"name":"wp","href":"https:\/\/api.w.org\/{rel}","templated":true}]}}