{"id":793,"date":"2023-08-28T11:33:27","date_gmt":"2023-08-28T14:33:27","guid":{"rendered":"https:\/\/www.ufsm.br\/orgaos-suplementares\/ru\/?p=793"},"modified":"2023-08-28T12:48:54","modified_gmt":"2023-08-28T15:48:54","slug":"ru-nao-servira-refeicoes-nesta-quarta-feira-30","status":"publish","type":"post","link":"https:\/\/www.ufsm.br\/orgaos-suplementares\/ru\/2023\/08\/28\/ru-nao-servira-refeicoes-nesta-quarta-feira-30","title":{"rendered":"RU n\u00e3o servir\u00e1 refei\u00e7\u00f5es nesta quarta-feira (30)"},"content":{"rendered":"\t\t<div data-elementor-type=\"wp-post\" data-elementor-id=\"793\" class=\"elementor elementor-793\">\n\t\t\t\t\t\t<section class=\"elementor-section elementor-top-section elementor-element elementor-element-4bb51384 elementor-section-boxed elementor-section-height-default elementor-section-height-default\" data-id=\"4bb51384\" data-element_type=\"section\">\n\t\t\t\t\t\t<div class=\"elementor-container elementor-column-gap-default\">\n\t\t\t\t\t<div class=\"elementor-column elementor-col-100 elementor-top-column elementor-element elementor-element-4ca0aa14\" data-id=\"4ca0aa14\" data-element_type=\"column\">\n\t\t\t<div class=\"elementor-widget-wrap elementor-element-populated\">\n\t\t\t\t\t\t<div class=\"elementor-element elementor-element-77338927 elementor-widget elementor-widget-text-editor\" data-id=\"77338927\" data-element_type=\"widget\" data-widget_type=\"text-editor.default\">\n\t\t\t\t<div class=\"elementor-widget-container\">\n\t\t\t\t\t\t\t<p><\/p>\n<p><!-- wp:tadv\/classic-paragraph \/--><!-- wp:tadv\/classic-paragraph --><\/p>\n<p style=\"text-align: justify\">O Restaurante Universit\u00e1rio (RU) informa que, nesta quarta-feira (30\/08), <b>n\u00e3o servir\u00e1 refei\u00e7\u00f5es <\/b>em nenhuma das unidades do Campus Sede da UFSM (RU campus I e II).<\/p>\n<p style=\"text-align: justify\">Motivo: <strong>Dia de paralisa\u00e7\u00e3o nacional dos servidores p\u00fablicos federais<\/strong>.<\/p><p style=\"text-align: justify\">No dia 29<span style=\"font-size: 16px;font-weight: var( --e-global-typography-text-font-weight );text-align: var(--bs-body-text-align)\">\/08, o<\/span><span style=\"font-weight: var( --e-global-typography-text-font-weight )\">s moradores das Casas do Estudante receber\u00e3o Kit distribui\u00e7\u00e3o, mediante agendamento.<\/span><\/p>\n<p>Na quinta-feira (31\/08), o RU retorna ao atendimento normal.&nbsp;<\/p>\n<p><\/p>\n<p><!-- \/wp:tadv\/classic-paragraph --><\/p>\t\t\t\t\t\t<\/div>\n\t\t\t\t<\/div>\n\t\t\t\t\t<\/div>\n\t\t<\/div>\n\t\t\t\t\t<\/div>\n\t\t<\/section>\n\t\t\t\t<\/div>\n\t\t","protected":false},"excerpt":{"rendered":"<p>O Restaurante Universit\u00e1rio (RU) informa que, nesta quarta-feira (30\/08), n\u00e3o servir\u00e1 refei\u00e7\u00f5es em nenhuma das unidades do Campus Sede da UFSM (RU campus I e II). Motivo: Dia de paralisa\u00e7\u00e3o nacional dos servidores p\u00fablicos federais. No dia 29\/08, os moradores das Casas do Estudante receber\u00e3o Kit distribui\u00e7\u00e3o, mediante agendamento. Na quinta-feira (31\/08), o RU retorna [&hellip;]<\/p>\n","protected":false},"author":323,"featured_media":0,"comment_status":"closed","ping_status":"closed","sticky":false,"template":"","format":"standard","meta":{"footnotes":""},"categories":[1],"tags":[],"class_list":["post-793","post","type-post","status-publish","format-standard","hentry","category-noticias"],"acf":[],"_links":{"self":[{"href":"https:\/\/www.ufsm.br\/orgaos-suplementares\/ru\/wp-json\/wp\/v2\/posts\/793","targetHints":{"allow":["GET"]}}],"collection":[{"href":"https:\/\/www.ufsm.br\/orgaos-suplementares\/ru\/wp-json\/wp\/v2\/posts"}],"about":[{"href":"https:\/\/www.ufsm.br\/orgaos-suplementares\/ru\/wp-json\/wp\/v2\/types\/post"}],"author":[{"embeddable":true,"href":"https:\/\/www.ufsm.br\/orgaos-suplementares\/ru\/wp-json\/wp\/v2\/users\/323"}],"replies":[{"embeddable":true,"href":"https:\/\/www.ufsm.br\/orgaos-suplementares\/ru\/wp-json\/wp\/v2\/comments?post=793"}],"version-history":[{"count":0,"href":"https:\/\/www.ufsm.br\/orgaos-suplementares\/ru\/wp-json\/wp\/v2\/posts\/793\/revisions"}],"wp:attachment":[{"href":"https:\/\/www.ufsm.br\/orgaos-suplementares\/ru\/wp-json\/wp\/v2\/media?parent=793"}],"wp:term":[{"taxonomy":"category","embeddable":true,"href":"https:\/\/www.ufsm.br\/orgaos-suplementares\/ru\/wp-json\/wp\/v2\/categories?post=793"},{"taxonomy":"post_tag","embeddable":true,"href":"https:\/\/www.ufsm.br\/orgaos-suplementares\/ru\/wp-json\/wp\/v2\/tags?post=793"}],"curies":[{"name":"wp","href":"https:\/\/api.w.org\/{rel}","templated":true}]}}