{"id":797,"date":"2023-09-04T12:37:29","date_gmt":"2023-09-04T15:37:29","guid":{"rendered":"https:\/\/www.ufsm.br\/orgaos-suplementares\/ru\/?p=797"},"modified":"2023-09-04T12:37:31","modified_gmt":"2023-09-04T15:37:31","slug":"distribuicao-do-feriado-de-07-de-setembro","status":"publish","type":"post","link":"https:\/\/www.ufsm.br\/orgaos-suplementares\/ru\/2023\/09\/04\/distribuicao-do-feriado-de-07-de-setembro","title":{"rendered":"Distribui\u00e7\u00e3o do feriado de 07 de setembro"},"content":{"rendered":"\n<p style=\"text-align: justify\">Os kits de distribui\u00e7\u00e3o de g\u00eaneros aliment\u00edcios, referentes ao feriado de Sete de Setembro, ser\u00e3o entregues para moradores da Casa do Estudante (CEU) com benef\u00edcio socioecon\u00f4mico ativo (BSE) <strong>na quarta-feira (06\/09)<\/strong>, das <strong>15h \u00e0s 17h<\/strong>, no RU Campus I. Na sexta-feira (08\/09) o RU estar\u00e1 fechado para manuten\u00e7\u00e3o, <strong>portanto a distribui\u00e7\u00e3o dos kits referentes a alimenta\u00e7\u00e3o de quinta, sexta, s\u00e1bado e domingo (12 refei\u00e7\u00f5es)<\/strong>.<\/p>\n<p style=\"text-align: justify\">O prazo de agendamento iniciou no domingo e <strong>encerra na ter\u00e7a-feira (05\/09), \u00e0s 11h<\/strong>.<\/p>\n<p style=\"text-align: justify\">Qualquer problema relacionado ao agendamento do kit, o usu\u00e1rio dever\u00e1 procurar a secretaria do RU Campus I dentro do prazo. O RU refor\u00e7a que o agendamento \u00e9 efetuado somente online e n\u00e3o ser\u00e1 aceito fora do prazo estabelecido.<\/p>\n<p style=\"text-align: justify\">Mais informa\u00e7\u00f5es na secretaria do RU ou pelo fone (55) 3220-8405 ou ainda pelo e-mail secretaria.ru@ufsm.br.<\/p>\n<p>\u00a0<\/p>\n","protected":false},"excerpt":{"rendered":"<p>Os kits de distribui\u00e7\u00e3o de g\u00eaneros aliment\u00edcios, referentes ao feriado de Sete de Setembro, ser\u00e3o entregues para moradores da Casa do Estudante (CEU) com benef\u00edcio socioecon\u00f4mico ativo (BSE) na quarta-feira (06\/09), das 15h \u00e0s 17h, no RU Campus I. Na sexta-feira (08\/09) o RU estar\u00e1 fechado para manuten\u00e7\u00e3o, portanto a distribui\u00e7\u00e3o dos kits referentes a [&hellip;]<\/p>\n","protected":false},"author":323,"featured_media":0,"comment_status":"closed","ping_status":"closed","sticky":false,"template":"","format":"standard","meta":{"footnotes":""},"categories":[1],"tags":[],"class_list":["post-797","post","type-post","status-publish","format-standard","hentry","category-noticias"],"acf":[],"_links":{"self":[{"href":"https:\/\/www.ufsm.br\/orgaos-suplementares\/ru\/wp-json\/wp\/v2\/posts\/797","targetHints":{"allow":["GET"]}}],"collection":[{"href":"https:\/\/www.ufsm.br\/orgaos-suplementares\/ru\/wp-json\/wp\/v2\/posts"}],"about":[{"href":"https:\/\/www.ufsm.br\/orgaos-suplementares\/ru\/wp-json\/wp\/v2\/types\/post"}],"author":[{"embeddable":true,"href":"https:\/\/www.ufsm.br\/orgaos-suplementares\/ru\/wp-json\/wp\/v2\/users\/323"}],"replies":[{"embeddable":true,"href":"https:\/\/www.ufsm.br\/orgaos-suplementares\/ru\/wp-json\/wp\/v2\/comments?post=797"}],"version-history":[{"count":0,"href":"https:\/\/www.ufsm.br\/orgaos-suplementares\/ru\/wp-json\/wp\/v2\/posts\/797\/revisions"}],"wp:attachment":[{"href":"https:\/\/www.ufsm.br\/orgaos-suplementares\/ru\/wp-json\/wp\/v2\/media?parent=797"}],"wp:term":[{"taxonomy":"category","embeddable":true,"href":"https:\/\/www.ufsm.br\/orgaos-suplementares\/ru\/wp-json\/wp\/v2\/categories?post=797"},{"taxonomy":"post_tag","embeddable":true,"href":"https:\/\/www.ufsm.br\/orgaos-suplementares\/ru\/wp-json\/wp\/v2\/tags?post=797"}],"curies":[{"name":"wp","href":"https:\/\/api.w.org\/{rel}","templated":true}]}}