{"id":800,"date":"2023-09-15T18:33:16","date_gmt":"2023-09-15T21:33:16","guid":{"rendered":"https:\/\/www.ufsm.br\/orgaos-suplementares\/ru\/?p=800"},"modified":"2023-09-15T18:33:18","modified_gmt":"2023-09-15T21:33:18","slug":"ru-prorroga-inscricoes-para-o-processo-seletivo-para-formacao-de-cadastro-de-reserva-de-bolsista","status":"publish","type":"post","link":"https:\/\/www.ufsm.br\/orgaos-suplementares\/ru\/2023\/09\/15\/ru-prorroga-inscricoes-para-o-processo-seletivo-para-formacao-de-cadastro-de-reserva-de-bolsista","title":{"rendered":"RU prorroga inscri\u00e7\u00f5es para o processo seletivo para forma\u00e7\u00e3o de cadastro de reserva de bolsista"},"content":{"rendered":"\n<p style=\"text-align: justify\">O Restaurante Universit\u00e1rio (RU) informa que <strong>prorrogou as inscri\u00e7\u00f5es<\/strong> para o processo seletivo para forma\u00e7\u00e3o de cadastro de reserva para bolsista <b>at\u00e9 \u00e0s 10h da manh\u00e3 da pr\u00f3xima segunda-feira (18\/09). <\/b>O envio dos e-mails para os candidatos pr\u00e9-selecionados, que realizar\u00e3o as entrevistas presenciais, ser\u00e3o realizados a partir do encerramento das inscri\u00e7\u00f5es. As entrevistas ocorrer\u00e3o na segunda-feira (18\/09), no turno da tarde, caso seja necess\u00e1rio, ser\u00e1 estendido para ter\u00e7a-feira (19\/09).\u00a0<\/p>\n<p>Para ler a not\u00edcia sobre o processo seletivo <strong><a href=\"https:\/\/www.ufsm.br\/orgaos-suplementares\/ru\/2023\/09\/13\/ru-realiza-processo-seletivo-para-formacao-de-cadastro-de-reserva-para-bolsista-do-controle-de-acesso\">Clique aqui<\/a><\/strong>.\u00a0<\/p>\n<p>D\u00favidas sobre o edital podem ser sanadas na secretaria do RU ou pelo fone (55) 3220-8405 ou ainda pelo e-mail secretaria.ru@ufsm.br.<\/p>\n","protected":false},"excerpt":{"rendered":"<p>O Restaurante Universit\u00e1rio (RU) informa que prorrogou as inscri\u00e7\u00f5es para o processo seletivo para forma\u00e7\u00e3o de cadastro de reserva para bolsista at\u00e9 \u00e0s 10h da manh\u00e3 da pr\u00f3xima segunda-feira (18\/09). O envio dos e-mails para os candidatos pr\u00e9-selecionados, que realizar\u00e3o as entrevistas presenciais, ser\u00e3o realizados a partir do encerramento das inscri\u00e7\u00f5es. As entrevistas ocorrer\u00e3o na [&hellip;]<\/p>\n","protected":false},"author":323,"featured_media":0,"comment_status":"closed","ping_status":"closed","sticky":false,"template":"","format":"standard","meta":{"footnotes":""},"categories":[1],"tags":[],"class_list":["post-800","post","type-post","status-publish","format-standard","hentry","category-noticias"],"acf":[],"_links":{"self":[{"href":"https:\/\/www.ufsm.br\/orgaos-suplementares\/ru\/wp-json\/wp\/v2\/posts\/800","targetHints":{"allow":["GET"]}}],"collection":[{"href":"https:\/\/www.ufsm.br\/orgaos-suplementares\/ru\/wp-json\/wp\/v2\/posts"}],"about":[{"href":"https:\/\/www.ufsm.br\/orgaos-suplementares\/ru\/wp-json\/wp\/v2\/types\/post"}],"author":[{"embeddable":true,"href":"https:\/\/www.ufsm.br\/orgaos-suplementares\/ru\/wp-json\/wp\/v2\/users\/323"}],"replies":[{"embeddable":true,"href":"https:\/\/www.ufsm.br\/orgaos-suplementares\/ru\/wp-json\/wp\/v2\/comments?post=800"}],"version-history":[{"count":0,"href":"https:\/\/www.ufsm.br\/orgaos-suplementares\/ru\/wp-json\/wp\/v2\/posts\/800\/revisions"}],"wp:attachment":[{"href":"https:\/\/www.ufsm.br\/orgaos-suplementares\/ru\/wp-json\/wp\/v2\/media?parent=800"}],"wp:term":[{"taxonomy":"category","embeddable":true,"href":"https:\/\/www.ufsm.br\/orgaos-suplementares\/ru\/wp-json\/wp\/v2\/categories?post=800"},{"taxonomy":"post_tag","embeddable":true,"href":"https:\/\/www.ufsm.br\/orgaos-suplementares\/ru\/wp-json\/wp\/v2\/tags?post=800"}],"curies":[{"name":"wp","href":"https:\/\/api.w.org\/{rel}","templated":true}]}}