{"id":810,"date":"2023-10-11T10:15:17","date_gmt":"2023-10-11T13:15:17","guid":{"rendered":"https:\/\/www.ufsm.br\/orgaos-suplementares\/ru\/?p=810"},"modified":"2023-10-11T10:15:18","modified_gmt":"2023-10-11T13:15:18","slug":"curso-de-nutricao-da-ufsm-campus-sede-realiza-visita-tecnica-ao-ru","status":"publish","type":"post","link":"https:\/\/www.ufsm.br\/orgaos-suplementares\/ru\/2023\/10\/11\/curso-de-nutricao-da-ufsm-campus-sede-realiza-visita-tecnica-ao-ru","title":{"rendered":"Curso de Nutri\u00e7\u00e3o da UFSM, Campus Sede, realiza visita t\u00e9cnica ao RU"},"content":{"rendered":"\n\n\n<p style=\"text-align: justify\">No dia 09 de outubro, o Restaurante Universit\u00e1rio recebeu, para uma visita t\u00e9cnica, os alunos do curso de Nutri\u00e7\u00e3o da UFSM Campus Sede, disciplina de T\u00e9cnica Ditet\u00e9tica A ministrada pela docente Carla Brasil. A visita t\u00e9cnica foi uma oportunidade valiosa para os alunos onde eles puderam relacionar o conhecimento te\u00f3rico adquirido em sala de aula com a pr\u00e1tica real, compreendendo a import\u00e2ncia da alimenta\u00e7\u00e3o coletiva e o papel do nutricionista na promo\u00e7\u00e3o da sa\u00fade.\u00a0<\/p>\n<p><img fetchpriority=\"high\" decoding=\"async\" class=\"wp-image-808 size-large\" src=\"https:\/\/www.ufsm.br\/app\/uploads\/sites\/398\/2023\/10\/IMG-20231011-WA0008-1024x881.jpg\" alt=\"\" width=\"1024\" height=\"881\" srcset=\"https:\/\/www.ufsm.br\/app\/uploads\/sites\/398\/2023\/10\/IMG-20231011-WA0008-1024x881.jpg 1024w, https:\/\/www.ufsm.br\/app\/uploads\/sites\/398\/2023\/10\/IMG-20231011-WA0008-300x258.jpg 300w, https:\/\/www.ufsm.br\/app\/uploads\/sites\/398\/2023\/10\/IMG-20231011-WA0008-768x660.jpg 768w, https:\/\/www.ufsm.br\/app\/uploads\/sites\/398\/2023\/10\/IMG-20231011-WA0008-1536x1321.jpg 1536w, https:\/\/www.ufsm.br\/app\/uploads\/sites\/398\/2023\/10\/IMG-20231011-WA0008.jpg 1600w\" sizes=\"(max-width: 1024px) 100vw, 1024px\" \/><\/p>\n<p><img decoding=\"async\" class=\"alignnone wp-image-806 size-large\" src=\"https:\/\/www.ufsm.br\/app\/uploads\/sites\/398\/2023\/10\/IMG-20231011-WA0009-1024x768.jpg\" alt=\"\" width=\"1024\" height=\"768\" srcset=\"https:\/\/www.ufsm.br\/app\/uploads\/sites\/398\/2023\/10\/IMG-20231011-WA0009-1024x768.jpg 1024w, https:\/\/www.ufsm.br\/app\/uploads\/sites\/398\/2023\/10\/IMG-20231011-WA0009-300x225.jpg 300w, https:\/\/www.ufsm.br\/app\/uploads\/sites\/398\/2023\/10\/IMG-20231011-WA0009-768x576.jpg 768w, https:\/\/www.ufsm.br\/app\/uploads\/sites\/398\/2023\/10\/IMG-20231011-WA0009-1536x1152.jpg 1536w, https:\/\/www.ufsm.br\/app\/uploads\/sites\/398\/2023\/10\/IMG-20231011-WA0009.jpg 1600w\" sizes=\"(max-width: 1024px) 100vw, 1024px\" \/><\/p>\n","protected":false},"excerpt":{"rendered":"<p>No dia 09 de outubro, o Restaurante Universit\u00e1rio recebeu, para uma visita t\u00e9cnica, os alunos do curso de Nutri\u00e7\u00e3o da UFSM Campus Sede, disciplina de T\u00e9cnica Ditet\u00e9tica A ministrada pela docente Carla Brasil. A visita t\u00e9cnica foi uma oportunidade valiosa para os alunos onde eles puderam relacionar o conhecimento te\u00f3rico adquirido em sala de aula [&hellip;]<\/p>\n","protected":false},"author":5814,"featured_media":0,"comment_status":"closed","ping_status":"closed","sticky":false,"template":"","format":"standard","meta":{"footnotes":""},"categories":[1],"tags":[],"class_list":["post-810","post","type-post","status-publish","format-standard","hentry","category-noticias"],"acf":[],"_links":{"self":[{"href":"https:\/\/www.ufsm.br\/orgaos-suplementares\/ru\/wp-json\/wp\/v2\/posts\/810","targetHints":{"allow":["GET"]}}],"collection":[{"href":"https:\/\/www.ufsm.br\/orgaos-suplementares\/ru\/wp-json\/wp\/v2\/posts"}],"about":[{"href":"https:\/\/www.ufsm.br\/orgaos-suplementares\/ru\/wp-json\/wp\/v2\/types\/post"}],"author":[{"embeddable":true,"href":"https:\/\/www.ufsm.br\/orgaos-suplementares\/ru\/wp-json\/wp\/v2\/users\/5814"}],"replies":[{"embeddable":true,"href":"https:\/\/www.ufsm.br\/orgaos-suplementares\/ru\/wp-json\/wp\/v2\/comments?post=810"}],"version-history":[{"count":0,"href":"https:\/\/www.ufsm.br\/orgaos-suplementares\/ru\/wp-json\/wp\/v2\/posts\/810\/revisions"}],"wp:attachment":[{"href":"https:\/\/www.ufsm.br\/orgaos-suplementares\/ru\/wp-json\/wp\/v2\/media?parent=810"}],"wp:term":[{"taxonomy":"category","embeddable":true,"href":"https:\/\/www.ufsm.br\/orgaos-suplementares\/ru\/wp-json\/wp\/v2\/categories?post=810"},{"taxonomy":"post_tag","embeddable":true,"href":"https:\/\/www.ufsm.br\/orgaos-suplementares\/ru\/wp-json\/wp\/v2\/tags?post=810"}],"curies":[{"name":"wp","href":"https:\/\/api.w.org\/{rel}","templated":true}]}}