{"id":811,"date":"2023-10-17T15:53:11","date_gmt":"2023-10-17T18:53:11","guid":{"rendered":"https:\/\/www.ufsm.br\/orgaos-suplementares\/ru\/?p=811"},"modified":"2023-10-17T15:57:14","modified_gmt":"2023-10-17T18:57:14","slug":"ru-campus-ii-estara-fechado-durante-a-jai","status":"publish","type":"post","link":"https:\/\/www.ufsm.br\/orgaos-suplementares\/ru\/2023\/10\/17\/ru-campus-ii-estara-fechado-durante-a-jai","title":{"rendered":"Durante a JAI, somente o RU Campus I estar\u00e1 aberto"},"content":{"rendered":"\n<p>O Restaurante Universit\u00e1rio (RU) informa que, durante a 38\u00aa Jornada Acad\u00eamica Integrada (JAI), que ocorrer\u00e1 entre os dias 23 e 27 de outubro de 2023, o <strong>RU Campus II estar\u00e1 fechado<\/strong>.<\/p>\n<p>O <strong>RU Campus I<\/strong> manter\u00e1 suas atividades normais.<\/p>\n","protected":false},"excerpt":{"rendered":"<p>O Restaurante Universit\u00e1rio (RU) informa que, durante a 38\u00aa Jornada Acad\u00eamica Integrada (JAI), que ocorrer\u00e1 entre os dias 23 e 27 de outubro de 2023, o RU Campus II estar\u00e1 fechado. O RU Campus I manter\u00e1 suas atividades normais.<\/p>\n","protected":false},"author":7385,"featured_media":0,"comment_status":"closed","ping_status":"closed","sticky":false,"template":"","format":"standard","meta":{"footnotes":""},"categories":[1],"tags":[],"class_list":["post-811","post","type-post","status-publish","format-standard","hentry","category-noticias"],"acf":[],"_links":{"self":[{"href":"https:\/\/www.ufsm.br\/orgaos-suplementares\/ru\/wp-json\/wp\/v2\/posts\/811","targetHints":{"allow":["GET"]}}],"collection":[{"href":"https:\/\/www.ufsm.br\/orgaos-suplementares\/ru\/wp-json\/wp\/v2\/posts"}],"about":[{"href":"https:\/\/www.ufsm.br\/orgaos-suplementares\/ru\/wp-json\/wp\/v2\/types\/post"}],"author":[{"embeddable":true,"href":"https:\/\/www.ufsm.br\/orgaos-suplementares\/ru\/wp-json\/wp\/v2\/users\/7385"}],"replies":[{"embeddable":true,"href":"https:\/\/www.ufsm.br\/orgaos-suplementares\/ru\/wp-json\/wp\/v2\/comments?post=811"}],"version-history":[{"count":0,"href":"https:\/\/www.ufsm.br\/orgaos-suplementares\/ru\/wp-json\/wp\/v2\/posts\/811\/revisions"}],"wp:attachment":[{"href":"https:\/\/www.ufsm.br\/orgaos-suplementares\/ru\/wp-json\/wp\/v2\/media?parent=811"}],"wp:term":[{"taxonomy":"category","embeddable":true,"href":"https:\/\/www.ufsm.br\/orgaos-suplementares\/ru\/wp-json\/wp\/v2\/categories?post=811"},{"taxonomy":"post_tag","embeddable":true,"href":"https:\/\/www.ufsm.br\/orgaos-suplementares\/ru\/wp-json\/wp\/v2\/tags?post=811"}],"curies":[{"name":"wp","href":"https:\/\/api.w.org\/{rel}","templated":true}]}}