{"id":814,"date":"2023-10-30T12:36:53","date_gmt":"2023-10-30T15:36:53","guid":{"rendered":"https:\/\/www.ufsm.br\/orgaos-suplementares\/ru\/?p=814"},"modified":"2023-10-30T12:37:38","modified_gmt":"2023-10-30T15:37:38","slug":"sobre-o-kit-de-distribuicao-referente-ao-feriado-de-finados","status":"publish","type":"post","link":"https:\/\/www.ufsm.br\/orgaos-suplementares\/ru\/2023\/10\/30\/sobre-o-kit-de-distribuicao-referente-ao-feriado-de-finados","title":{"rendered":"Sobre o Kit de Distribui\u00e7\u00e3o referente ao feriado de Finados"},"content":{"rendered":"\n<p>O Restaurante Universit\u00e1rio informa que est\u00e1 aberto o prazo para agendamento do Kit de Distribui\u00e7\u00e3o referente ao feriado prolongado de Finados (02 de novembro).<\/p>\n<p>Em virtude do feriado no dia 02\/11, os dias 03 e 04 ser\u00e3o dias n\u00e3o letivos conforme o calend\u00e1rio acad\u00eamico da UFSM. Assim o RU n\u00e3o servir\u00e1 refei\u00e7\u00f5es nestas datas e ser\u00e3o ofertados Kits de Distribui\u00e7\u00e3o somente aos moradores da Casa do Estudante Universit\u00e1rio com o BSE ativo.<\/p>\n<ul style=\"list-style-type: square\">\n<li>Os Kits contemplam as refei\u00e7\u00f5es dos dias 02, 03, 04 e 05 de novembro;<\/li>\n<li>O prazo de agendamento \u00e9 at\u00e9 as 11h da manh\u00e3 de ter\u00e7a-feira (31\/10);<\/li>\n<li>A entrega dos Kits acontece no refeit\u00f3rio do RU1 na quarta-feira (01\/11);<\/li>\n<li>O hor\u00e1rio da entrega dos Kits \u00e9 das 14:45 \u00e0s 16:45;<\/li>\n<li>Os usu\u00e1rios dever\u00e3o trazer recursos (sacolas, caixas, entre outros) para acondicionamento e transporte dos g\u00eaneros aliment\u00edcios.<\/li>\n<\/ul>\n<p>A retirada do kit por terceiros \u00e9 poss\u00edvel neste caso, visto que a entrega ocorre em um dia de semana e n\u00e3o no s\u00e1bado como de costume.<\/p>\n<p>Para autorizar um terceiro a retirar seu Kit, \u00e9 necess\u00e1rio enviar para o email da secretaria do RU (secretaria.ru@ufsm.br) o seguinte:<\/p>\n<ul style=\"list-style-type: circle\">\n<li>Comprovante de matr\u00edcula ou termo de est\u00e1gio (comprovando atividade acad\u00eamica no mesmo hor\u00e1rio da distribui\u00e7\u00e3o), ou atestado m\u00e9dico se por motivo de sa\u00fade;<\/li>\n<li>Seu nome completo e n\u00famero de matr\u00edcula;<\/li>\n<li>Nome completo e n\u00famero de matr\u00edcula da pessoa autorizada a retirar seu Kit.<\/li>\n<\/ul>\n<p>IMPORTANTE:\u00a0 o email deve ser enviado at\u00e9 as 14h do dia 01\/11.<\/p>\n<p>Em caso de d\u00favidas, o regulamento do Kit de Distribui\u00e7\u00e3o pode ser acessado neste link:\u00a0<a href=\"https:\/\/www.ufsm.br\/app\/uploads\/sites\/398\/2023\/02\/Regulamento_interno_kit_distrib_generos-2.pdf\">https:\/\/www.ufsm.br\/app\/uploads\/sites\/398\/2023\/02\/Regulamento_interno_kit_distrib_generos-2.pdf<\/a><\/p>\n<p>Mais informa\u00e7\u00f5es na secretaria do RU, pelo fone (55) 3220-8405 ou pelo e-mail secretaria.ru@ufsm.br<\/p>\n<p>\u00a0<\/p>\n","protected":false},"excerpt":{"rendered":"<p>O Restaurante Universit\u00e1rio informa que est\u00e1 aberto o prazo para agendamento do Kit de Distribui\u00e7\u00e3o referente ao feriado prolongado de Finados (02 de novembro). Em virtude do feriado no dia 02\/11, os dias 03 e 04 ser\u00e3o dias n\u00e3o letivos conforme o calend\u00e1rio acad\u00eamico da UFSM. Assim o RU n\u00e3o servir\u00e1 refei\u00e7\u00f5es nestas datas e [&hellip;]<\/p>\n","protected":false},"author":5814,"featured_media":0,"comment_status":"closed","ping_status":"closed","sticky":false,"template":"","format":"standard","meta":{"footnotes":""},"categories":[1],"tags":[],"class_list":["post-814","post","type-post","status-publish","format-standard","hentry","category-noticias"],"acf":[],"_links":{"self":[{"href":"https:\/\/www.ufsm.br\/orgaos-suplementares\/ru\/wp-json\/wp\/v2\/posts\/814","targetHints":{"allow":["GET"]}}],"collection":[{"href":"https:\/\/www.ufsm.br\/orgaos-suplementares\/ru\/wp-json\/wp\/v2\/posts"}],"about":[{"href":"https:\/\/www.ufsm.br\/orgaos-suplementares\/ru\/wp-json\/wp\/v2\/types\/post"}],"author":[{"embeddable":true,"href":"https:\/\/www.ufsm.br\/orgaos-suplementares\/ru\/wp-json\/wp\/v2\/users\/5814"}],"replies":[{"embeddable":true,"href":"https:\/\/www.ufsm.br\/orgaos-suplementares\/ru\/wp-json\/wp\/v2\/comments?post=814"}],"version-history":[{"count":0,"href":"https:\/\/www.ufsm.br\/orgaos-suplementares\/ru\/wp-json\/wp\/v2\/posts\/814\/revisions"}],"wp:attachment":[{"href":"https:\/\/www.ufsm.br\/orgaos-suplementares\/ru\/wp-json\/wp\/v2\/media?parent=814"}],"wp:term":[{"taxonomy":"category","embeddable":true,"href":"https:\/\/www.ufsm.br\/orgaos-suplementares\/ru\/wp-json\/wp\/v2\/categories?post=814"},{"taxonomy":"post_tag","embeddable":true,"href":"https:\/\/www.ufsm.br\/orgaos-suplementares\/ru\/wp-json\/wp\/v2\/tags?post=814"}],"curies":[{"name":"wp","href":"https:\/\/api.w.org\/{rel}","templated":true}]}}