{"id":819,"date":"2023-11-09T12:35:27","date_gmt":"2023-11-09T15:35:27","guid":{"rendered":"https:\/\/www.ufsm.br\/orgaos-suplementares\/ru\/?p=819"},"modified":"2023-11-13T09:34:23","modified_gmt":"2023-11-13T12:34:23","slug":"ampliado-o-prazo-para-agendamento-dos-kits-de-distribuicao-de-generos-alimenticios","status":"publish","type":"post","link":"https:\/\/www.ufsm.br\/orgaos-suplementares\/ru\/2023\/11\/09\/ampliado-o-prazo-para-agendamento-dos-kits-de-distribuicao-de-generos-alimenticios","title":{"rendered":"Ampliado o prazo para agendamento dos Kits de Distribui\u00e7\u00e3o de G\u00eaneros Aliment\u00edcios"},"content":{"rendered":"\n\n\n<p>O Restaurante Universit\u00e1rio informa, que o prazo limite para agendamento do Kit de Distribui\u00e7\u00e3o de G\u00eaneros Aliment\u00edcios foi estendido!<\/p>\n<p>A partir do dia 09\/11\/2023 o prazo se inicia \u00e0s 00h de quarta-feira e se encerra \u00e0s 20h de quinta-feira (anteriormente o prazo encerrava as 11h).\u00a0<\/p>\n<p>O hor\u00e1rio de entrega dos Kits permanece inalterado:<\/p>\n<ul>\n<li>Retirada para um dia: das 15:45 \u00e0s 17h<\/li>\n<li>Retirada para dois ou mais dias: das 15:00 \u00e0s 17h<\/li>\n<\/ul>\n<p><img fetchpriority=\"high\" decoding=\"async\" class=\"size-full wp-image-820 aligncenter\" src=\"https:\/\/www.ufsm.br\/app\/uploads\/sites\/398\/2023\/11\/prazo.jpg\" alt=\"\" width=\"225\" height=\"225\" srcset=\"https:\/\/www.ufsm.br\/app\/uploads\/sites\/398\/2023\/11\/prazo.jpg 225w, https:\/\/www.ufsm.br\/app\/uploads\/sites\/398\/2023\/11\/prazo-150x150.jpg 150w\" sizes=\"(max-width: 225px) 100vw, 225px\" \/><\/p>\n<p>\u00a0<\/p>\n<p style=\"text-align: center\">Mais informa\u00e7\u00f5es na secretaria do RU, ou pelo e-mail secretaria.ru@ufsm.br<\/p>\n<p>\u00a0<\/p>\n<p>\u00a0<\/p>\n","protected":false},"excerpt":{"rendered":"<p>O Restaurante Universit\u00e1rio informa, que o prazo limite para agendamento do Kit de Distribui\u00e7\u00e3o de G\u00eaneros Aliment\u00edcios foi estendido! A partir do dia 09\/11\/2023 o prazo se inicia \u00e0s 00h de quarta-feira e se encerra \u00e0s 20h de quinta-feira (anteriormente o prazo encerrava as 11h).\u00a0 O hor\u00e1rio de entrega dos Kits permanece inalterado: Retirada para [&hellip;]<\/p>\n","protected":false},"author":5814,"featured_media":0,"comment_status":"closed","ping_status":"closed","sticky":false,"template":"","format":"standard","meta":{"footnotes":""},"categories":[1],"tags":[],"class_list":["post-819","post","type-post","status-publish","format-standard","hentry","category-noticias"],"acf":[],"_links":{"self":[{"href":"https:\/\/www.ufsm.br\/orgaos-suplementares\/ru\/wp-json\/wp\/v2\/posts\/819","targetHints":{"allow":["GET"]}}],"collection":[{"href":"https:\/\/www.ufsm.br\/orgaos-suplementares\/ru\/wp-json\/wp\/v2\/posts"}],"about":[{"href":"https:\/\/www.ufsm.br\/orgaos-suplementares\/ru\/wp-json\/wp\/v2\/types\/post"}],"author":[{"embeddable":true,"href":"https:\/\/www.ufsm.br\/orgaos-suplementares\/ru\/wp-json\/wp\/v2\/users\/5814"}],"replies":[{"embeddable":true,"href":"https:\/\/www.ufsm.br\/orgaos-suplementares\/ru\/wp-json\/wp\/v2\/comments?post=819"}],"version-history":[{"count":0,"href":"https:\/\/www.ufsm.br\/orgaos-suplementares\/ru\/wp-json\/wp\/v2\/posts\/819\/revisions"}],"wp:attachment":[{"href":"https:\/\/www.ufsm.br\/orgaos-suplementares\/ru\/wp-json\/wp\/v2\/media?parent=819"}],"wp:term":[{"taxonomy":"category","embeddable":true,"href":"https:\/\/www.ufsm.br\/orgaos-suplementares\/ru\/wp-json\/wp\/v2\/categories?post=819"},{"taxonomy":"post_tag","embeddable":true,"href":"https:\/\/www.ufsm.br\/orgaos-suplementares\/ru\/wp-json\/wp\/v2\/tags?post=819"}],"curies":[{"name":"wp","href":"https:\/\/api.w.org\/{rel}","templated":true}]}}