{"id":823,"date":"2023-12-04T11:47:38","date_gmt":"2023-12-04T14:47:38","guid":{"rendered":"https:\/\/www.ufsm.br\/orgaos-suplementares\/ru\/?p=823"},"modified":"2023-12-04T11:47:40","modified_gmt":"2023-12-04T14:47:40","slug":"entrega-do-kit-de-distribuicao-desta-quinta-feira-07-12-23","status":"publish","type":"post","link":"https:\/\/www.ufsm.br\/orgaos-suplementares\/ru\/2023\/12\/04\/entrega-do-kit-de-distribuicao-desta-quinta-feira-07-12-23","title":{"rendered":"Entrega do Kit de Distribui\u00e7\u00e3o desta quinta-feira (07\/12\/23)"},"content":{"rendered":"\n<p>O Restaurante Universit\u00e1rio informa que est\u00e1 aberto o prazo para agendamento do Kit de Distribui\u00e7\u00e3o referente ao feriado de Nossa Senhora Imaculada Concei\u00e7\u00e3o (08 de dezembro).<\/p>\n<p>Em virtude do feriado no dia 08\/12, os dias 08 e 09 ser\u00e3o dias n\u00e3o letivos conforme o calend\u00e1rio acad\u00eamico da UFSM. Assim o RU n\u00e3o servir\u00e1 refei\u00e7\u00f5es nestas datas e ser\u00e3o ofertados Kits de Distribui\u00e7\u00e3o somente aos moradores da Casa do Estudante Universit\u00e1rio com o BSE ativo. Ainda, devido a higieniza\u00e7\u00e3o do reservat\u00f3rio de \u00e1gua, o RU n\u00e3o servir\u00e1 o jantar do dia 07\/12, fornecendo o kit jantar desta refei\u00e7\u00e3o (moradores da CEU com o BSE ativo).<\/p>\n<ul>\n<li>Os Kits contemplam o jantar do dia 07 e as refei\u00e7\u00f5es (caf\u00e9+almo\u00e7o+jantar) dos dias 08, 09, e 10 de dezembro;<\/li>\n<li>O prazo de agendamento \u00e9 at\u00e9 as 20h de ter\u00e7a-feira (05\/12);<\/li>\n<li>A entrega dos Kits acontece no refeit\u00f3rio do RU1 na quinta-feira (07\/12);<\/li>\n<li>O hor\u00e1rio da entrega dos Kits \u00e9 das 15:00 \u00e0s 17:00;<\/li>\n<li>Os usu\u00e1rios dever\u00e3o trazer recursos (sacolas, caixas, entre outros) para acondicionamento e transporte dos g\u00eaneros aliment\u00edcios.<\/li>\n<\/ul>\n<p>A retirada do kit por terceiros \u00e9 poss\u00edvel neste caso, visto que a entrega ocorre em um dia de semana e n\u00e3o no s\u00e1bado como de costume.<\/p>\n<p>Para autorizar um terceiro a retirar seu Kit, \u00e9 necess\u00e1rio enviar para o e-mail da secretaria do RU (secretaria.ru@ufsm.br), at\u00e9 as 14h do dia 07\/12, o seguinte:<\/p>\n<ul>\n<li>Comprovante de matr\u00edcula ou termo de est\u00e1gio (comprovando atividade acad\u00eamica no mesmo hor\u00e1rio da distribui\u00e7\u00e3o), ou atestado m\u00e9dico se por motivo de sa\u00fade;<\/li>\n<li>Seu nome completo e n\u00famero de matr\u00edcula;<\/li>\n<li>Nome completo e n\u00famero de matr\u00edcula da pessoa autorizada a retirar seu Kit.<\/li>\n<\/ul>\n<p>Para acessar o regulamento do Kit de distribui\u00e7\u00e3o, <a href=\"https:\/\/www.ufsm.br\/app\/uploads\/sites\/398\/2023\/02\/Regulamento_interno_kit_distrib_generos-2.pdf\">Clique aqui.<\/a><\/p>\n<p>Mais informa\u00e7\u00f5es na secretaria do RU ou pelo e-mail secretaria.ru@ufsm.br<\/p>\n","protected":false},"excerpt":{"rendered":"<p>O Restaurante Universit\u00e1rio informa que est\u00e1 aberto o prazo para agendamento do Kit de Distribui\u00e7\u00e3o referente ao feriado de Nossa Senhora Imaculada Concei\u00e7\u00e3o (08 de dezembro). Em virtude do feriado no dia 08\/12, os dias 08 e 09 ser\u00e3o dias n\u00e3o letivos conforme o calend\u00e1rio acad\u00eamico da UFSM. Assim o RU n\u00e3o servir\u00e1 refei\u00e7\u00f5es nestas [&hellip;]<\/p>\n","protected":false},"author":7385,"featured_media":0,"comment_status":"closed","ping_status":"closed","sticky":false,"template":"","format":"standard","meta":{"footnotes":""},"categories":[1],"tags":[],"class_list":["post-823","post","type-post","status-publish","format-standard","hentry","category-noticias"],"acf":[],"_links":{"self":[{"href":"https:\/\/www.ufsm.br\/orgaos-suplementares\/ru\/wp-json\/wp\/v2\/posts\/823","targetHints":{"allow":["GET"]}}],"collection":[{"href":"https:\/\/www.ufsm.br\/orgaos-suplementares\/ru\/wp-json\/wp\/v2\/posts"}],"about":[{"href":"https:\/\/www.ufsm.br\/orgaos-suplementares\/ru\/wp-json\/wp\/v2\/types\/post"}],"author":[{"embeddable":true,"href":"https:\/\/www.ufsm.br\/orgaos-suplementares\/ru\/wp-json\/wp\/v2\/users\/7385"}],"replies":[{"embeddable":true,"href":"https:\/\/www.ufsm.br\/orgaos-suplementares\/ru\/wp-json\/wp\/v2\/comments?post=823"}],"version-history":[{"count":0,"href":"https:\/\/www.ufsm.br\/orgaos-suplementares\/ru\/wp-json\/wp\/v2\/posts\/823\/revisions"}],"wp:attachment":[{"href":"https:\/\/www.ufsm.br\/orgaos-suplementares\/ru\/wp-json\/wp\/v2\/media?parent=823"}],"wp:term":[{"taxonomy":"category","embeddable":true,"href":"https:\/\/www.ufsm.br\/orgaos-suplementares\/ru\/wp-json\/wp\/v2\/categories?post=823"},{"taxonomy":"post_tag","embeddable":true,"href":"https:\/\/www.ufsm.br\/orgaos-suplementares\/ru\/wp-json\/wp\/v2\/tags?post=823"}],"curies":[{"name":"wp","href":"https:\/\/api.w.org\/{rel}","templated":true}]}}