{"id":826,"date":"2023-12-07T14:27:31","date_gmt":"2023-12-07T17:27:31","guid":{"rendered":"https:\/\/www.ufsm.br\/orgaos-suplementares\/ru\/?p=826"},"modified":"2024-01-08T14:36:05","modified_gmt":"2024-01-08T17:36:05","slug":"sobre-o-funcionamento-do-ru-durante-as-ferias","status":"publish","type":"post","link":"https:\/\/www.ufsm.br\/orgaos-suplementares\/ru\/2023\/12\/07\/sobre-o-funcionamento-do-ru-durante-as-ferias","title":{"rendered":"Sobre o funcionamento do RU durante as f\u00e9rias"},"content":{"rendered":"\n<p>Conforme <a href=\"https:\/\/www.ufsm.br\/app\/uploads\/sites\/398\/2023\/12\/Memorando-Circular-n.-10-2023-GR.pdf\">Memorando Circular n. 10\/2023-GR<\/a>, emitido pela Reitoria, informamos a seguir sobre o funcionamento do Restaurante Universit\u00e1rio (RU) da Universidade Federal de Santa Maria durante o per\u00edodo n\u00e3o letivo (02\/01\/24 a 08\/03\/24).<\/p>\n<p>Ter\u00e3o <strong>acesso autom\u00e1tico<\/strong> ao Restaurante Universit\u00e1rio:<\/p>\n<p><strong>I \u2013<\/strong> Estudantes com benef\u00edcio socioecon\u00f4mico (BSE) ativo, estudantes ind\u00edgenas e estudantes quilombolas.<br \/><strong>II \u2013<\/strong> Filhos de pais ou m\u00e3es residentes na Casa de Estudante da UFSM (dependentes), devidamente cadastrados na PRAE, conforme definido no \u00a71o, do art. 1o, da <a href=\"https:\/\/portal.ufsm.br\/documentos\/download.html?action=arquivosIndexados&amp;id=7870987&amp;download=false\">Resolu\u00e7\u00e3o N. 029\/2016<\/a>.<br \/><strong>III \u2013<\/strong> Estudantes sem benef\u00edcio socioecon\u00f4mico (BSE) mas com bolsa institucional (Bolsa PRAE, Bolsa Recursos Pr\u00f3prios, entre outras), desde que esteja ativa e vigente no sistema da UFSM at\u00e9 o dia 21\/12\/23.<br \/><strong>IV \u2013<\/strong> Estudantes sem benef\u00edcio socioecon\u00f4mico (BSE), mas com o cadastro ativo em projetos vigentes (ensino, pesquisa ou extens\u00e3o), cadastrados no Portal de Projetos da UFSM, sendo o prazo limite para o cadastro o dia 21\/12\/23. Salientamos que a responsabilidade pelo cadastro dos participantes nos projetos \u00e9 do seu respectivo Orientador\/Coordenador.<br \/><strong>V \u2013<\/strong> Estudantes com matr\u00edcula regular e ativa nos programas de resid\u00eancias multiprofissional e m\u00e9dica.<br \/><strong>VI \u2013<\/strong> Servidores da UFSM (TAES e Docentes), Visitantes e Volunt\u00e1rios regulamentados pela <a href=\"https:\/\/portal.ufsm.br\/documentos\/download.html?action=arquivosIndexados&amp;id=14227010&amp;download=false\">Resolu\u00e7\u00e3o N. 098\/2022<\/a>.<\/p>\n<p><br \/>Observa\u00e7\u00f5es importantes:<\/p>\n<p><br \/>1) Os estudantes enquadrados nos crit\u00e9rios <strong>III e IV<\/strong> t\u00eam at\u00e9 o dia 21\/12\/23 para estarem cadastrados em bolsas ou projetos na UFSM. Caso contr\u00e1rio, n\u00e3o ter\u00e3o acesso \u00e0s refei\u00e7\u00f5es na ter\u00e7a-feira, dia 02\/01\/24.<\/p>\n<p>2) Na ter\u00e7a-feira (02\/01\/24), ser\u00e1 realizado um novo processamento para libera\u00e7\u00f5es de acesso para os estudantes cadastrados em bolsas (<strong>item III<\/strong>) ou projetos (<strong>item IV<\/strong>) at\u00e9 o dia anterior.<\/p>\n<p>3) Todas as sextas-feiras, a partir do dia 05\/01\/24, ser\u00e1 realizado um novo processamento para libera\u00e7\u00f5es de acesso para os estudantes cadastrados em bolsas (<strong>item III<\/strong>) ou projetos (<strong>item IV<\/strong>) at\u00e9 o dia anterior.<\/p>\n<p>4) Estudantes sem benef\u00edcio socioecon\u00f4mico (BSE) regularmente matriculados e com matr\u00edcula ativa no Ensino M\u00e9dio e\/ou Ensino T\u00e9cnico Integrado ao Ensino M\u00e9dio ter\u00e3o acesso ao RU a partir do in\u00edcio das aulas do 1o semestre\/2024, conforme calend\u00e1rios letivos espec\u00edficos do Col\u00e9gio Polit\u00e9cnico e do Col\u00e9gio T\u00e9cnico Industrial da UFSM.<\/p>\n<p>5) Na segunda-feira (11\/03\/24), retornar\u00e1 o atendimento a toda a comunidade acad\u00eamica.<\/p>\n<p>6)\u00a0 O RU I ficar\u00e1 fechado aos s\u00e1bados, fornecendo as refei\u00e7\u00f5es caf\u00e9, almo\u00e7o e jantar de segunda a sexta.\u00a0<\/p>\n<p>\u00a0<\/p>\n<p>HOR\u00c1RIO DE FUNCIONAMENTO DURANTE AS F\u00c9RIAS (SEGUNDA A SEXTA):<\/p>\n<div align=\"center\">\n<table class=\" alignleft\" style=\"width: 70.9418%;height: 138px\">\n<tbody>\n<tr style=\"height: 23px\">\n<td style=\"text-align: center;width: 32.2644%;height: 23px\"><strong>Refei\u00e7\u00e3o<\/strong><\/td>\n<td style=\"text-align: center;width: 19.6989%;height: 23px\"><strong>RU Campus I<\/strong><\/td>\n<td style=\"text-align: center;width: 18.3901%;height: 23px\"><strong>RU Campus II<\/strong><\/td>\n<\/tr>\n<tr style=\"height: 23px\">\n<td style=\"text-align: center;width: 32.2644%;height: 23px\">Desjejum<strong>\u00b9<\/strong><\/td>\n<td style=\"text-align: center;width: 19.6989%;height: 23px\">07h \u00e0s 08h45<\/td>\n<td style=\"text-align: center;width: 18.3901%;height: 23px\">\u2013<\/td>\n<\/tr>\n<tr style=\"height: 23px\">\n<td style=\"text-align: center;width: 32.2644%;height: 23px\">Almo\u00e7o<strong>\u00b9<\/strong><\/td>\n<td style=\"text-align: center;width: 19.6989%;height: 23px\">11:30h \u00e0s 13:30h<\/td>\n<td style=\"text-align: center;width: 18.3901%;height: 23px\"><strong>Fechado<\/strong><\/td>\n<\/tr>\n<tr style=\"height: 23px\">\n<td style=\"text-align: center;width: 32.2644%;height: 23px\">Kit distribui\u00e7\u00e3o 1 (C + A + J)<\/td>\n<td style=\"text-align: center;width: 19.6989%;height: 23px\">15:45h \u00e0s 17h<\/td>\n<td style=\"text-align: center;width: 18.3901%;height: 23px\">\u2013<\/td>\n<\/tr>\n<tr style=\"height: 23px\">\n<td style=\"text-align: center;width: 32.2644%;height: 23px\">Jantar<strong>\u00b9<\/strong><\/td>\n<td style=\"text-align: center;width: 19.6989%;height: 23px\">18h \u00e0s 19h30<\/td>\n<td style=\"text-align: center;width: 18.3901%;height: 23px\">\u2013<\/td>\n<\/tr>\n<tr style=\"height: 23px\">\n<td style=\"text-align: center;width: 32.2644%;height: 23px\">Marmitex<strong>\u00b2<\/strong><\/td>\n<td style=\"text-align: center;width: 19.6989%;height: 23px\">11h30 \u00e0s 13h<\/td>\n<td style=\"text-align: center;width: 18.3901%;height: 23px\">\u2013<\/td>\n<\/tr>\n<\/tbody>\n<\/table>\n<\/div>\n<div style=\"text-align: left\" align=\"center\"><strong>\u00b9<\/strong>Tempo m\u00e1ximo permitido no refeit\u00f3rio ap\u00f3s o hor\u00e1rio de encerramento das refei\u00e7\u00f5es \u00e9 de 20 minutos.<\/div>\n<div style=\"text-align: left\" align=\"center\"><strong>\u00b2<\/strong>Hor\u00e1rio da entrega do marmitex pela empresa terceirizada. Mais informa\u00e7\u00f5es\u00a0<strong><a href=\"https:\/\/www.ufsm.br\/orgaos-suplementares\/ru\/servicos\/entrega-marmitex\">Clique aqui<\/a><\/strong><\/div>\n<div style=\"text-align: left\" align=\"center\">\u00a0<\/div>\n","protected":false},"excerpt":{"rendered":"<p>Conforme Memorando Circular n. 10\/2023-GR, emitido pela Reitoria, informamos a seguir sobre o funcionamento do Restaurante Universit\u00e1rio (RU) da Universidade Federal de Santa Maria durante o per\u00edodo n\u00e3o letivo (02\/01\/24 a 08\/03\/24). Ter\u00e3o acesso autom\u00e1tico ao Restaurante Universit\u00e1rio: I \u2013 Estudantes com benef\u00edcio socioecon\u00f4mico (BSE) ativo, estudantes ind\u00edgenas e estudantes quilombolas.II \u2013 Filhos de pais [&hellip;]<\/p>\n","protected":false},"author":7385,"featured_media":0,"comment_status":"closed","ping_status":"closed","sticky":false,"template":"","format":"standard","meta":{"footnotes":""},"categories":[1],"tags":[],"class_list":["post-826","post","type-post","status-publish","format-standard","hentry","category-noticias"],"acf":[],"_links":{"self":[{"href":"https:\/\/www.ufsm.br\/orgaos-suplementares\/ru\/wp-json\/wp\/v2\/posts\/826","targetHints":{"allow":["GET"]}}],"collection":[{"href":"https:\/\/www.ufsm.br\/orgaos-suplementares\/ru\/wp-json\/wp\/v2\/posts"}],"about":[{"href":"https:\/\/www.ufsm.br\/orgaos-suplementares\/ru\/wp-json\/wp\/v2\/types\/post"}],"author":[{"embeddable":true,"href":"https:\/\/www.ufsm.br\/orgaos-suplementares\/ru\/wp-json\/wp\/v2\/users\/7385"}],"replies":[{"embeddable":true,"href":"https:\/\/www.ufsm.br\/orgaos-suplementares\/ru\/wp-json\/wp\/v2\/comments?post=826"}],"version-history":[{"count":0,"href":"https:\/\/www.ufsm.br\/orgaos-suplementares\/ru\/wp-json\/wp\/v2\/posts\/826\/revisions"}],"wp:attachment":[{"href":"https:\/\/www.ufsm.br\/orgaos-suplementares\/ru\/wp-json\/wp\/v2\/media?parent=826"}],"wp:term":[{"taxonomy":"category","embeddable":true,"href":"https:\/\/www.ufsm.br\/orgaos-suplementares\/ru\/wp-json\/wp\/v2\/categories?post=826"},{"taxonomy":"post_tag","embeddable":true,"href":"https:\/\/www.ufsm.br\/orgaos-suplementares\/ru\/wp-json\/wp\/v2\/tags?post=826"}],"curies":[{"name":"wp","href":"https:\/\/api.w.org\/{rel}","templated":true}]}}