{"id":828,"date":"2023-12-12T10:39:23","date_gmt":"2023-12-12T13:39:23","guid":{"rendered":"https:\/\/www.ufsm.br\/orgaos-suplementares\/ru\/?p=828"},"modified":"2023-12-12T10:40:36","modified_gmt":"2023-12-12T13:40:36","slug":"cronograma-de-final-de-ano-e-recesso-de-natal","status":"publish","type":"post","link":"https:\/\/www.ufsm.br\/orgaos-suplementares\/ru\/2023\/12\/12\/cronograma-de-final-de-ano-e-recesso-de-natal","title":{"rendered":"Cronograma de final de ano: recesso de natal e ano novo"},"content":{"rendered":"\n\n\n<p>O Restaurante Universit\u00e1rio (RU) informa o cronograma de funcionamento de dezembro de 2023:<\/p>\n<ul>\n<li>O <strong>RU campus II<\/strong> estar\u00e1 atendendo at\u00e9 dia <strong>15\/12\/23, sexta-feira<\/strong>. Ficando fechado durante as f\u00e9rias e retornando no in\u00edcio do semestre letivo, em mar\u00e7o de 2024.<\/li>\n<li>O <strong>RU campus I<\/strong> atender\u00e1 at\u00e9 o dia <strong>22\/12\/23, sexta-feira<\/strong>. Retornando dia <strong>02\/01\/24, ter\u00e7a-feira<\/strong>, ap\u00f3s recesso de natal.<\/li>\n<li>Durante o <strong>Recesso de Natal<\/strong>, entre os dias <strong>23\/12\/23 a 01\/01\/24<\/strong>, n\u00e3o haver\u00e1 fornecimento das refei\u00e7\u00f5es caf\u00e9, almo\u00e7o e jantar.<\/li>\n<li>Haver\u00e1 entrega de <strong>Kits de Distribui\u00e7\u00e3o<\/strong> aos moradores da Casa do Estudante Universit\u00e1rio com o BSE ativo, nos dias 22\/12\/23 e 27\/12\/23. Para mais informa\u00e7\u00f5es, <a href=\"https:\/\/www.ufsm.br\/orgaos-suplementares\/ru\/2023\/12\/11\/entrega-de-kits-de-distribuicao-durante-o-recesso-de-natal-e-ano-novo\">clique aqui<\/a>.<\/li>\n<\/ul>\n<p>\u00a0<\/p>\n<table style=\"height: 157px;width: 61.3875%;border-collapse: collapse;border-color: #000000;background-color: #ffffff;border-style: solid\">\n<tbody>\n<tr style=\"border-style: solid;border-color: #000000\">\n<td style=\"width: 16.0481%;height: 23px;border-style: solid;border-color: #000000;text-align: center\"><strong>Data<\/strong><\/td>\n<td style=\"width: 41.6749%;height: 23px;border-style: solid;border-color: #000000;text-align: center\"><strong>Observa\u00e7\u00f5es<\/strong><\/td>\n<\/tr>\n<tr style=\"border-style: solid;border-color: #000000\">\n<td style=\"width: 16.0481%;height: 23px;border-style: solid;border-color: #000000;text-align: center\">15\/12\/23<\/td>\n<td style=\"width: 41.6749%;height: 23px;border-style: solid;border-color: #000000;text-align: center\">\n<p>\u00daltimo dia de funcionamento do <strong>RU campus II<\/strong><\/p>\n<\/td>\n<\/tr>\n<tr style=\"height: 23px;border-style: solid;border-color: #000000\">\n<td style=\"width: 16.0481%;height: 23px;text-align: center;border-style: solid;border-color: #000000\">22\/12\/23<\/td>\n<td style=\"width: 41.6749%;height: 23px;text-align: center;border-style: solid;border-color: #000000\">\n<p><strong>Distribui\u00e7\u00e3o de kits<\/strong> (caf\u00e9, almo\u00e7o e jantar) para os dias 23, 24, 25, 26 e 27\/12\/23 (5 dias).<\/p>\n<p><strong>Agendamento dos kits:<\/strong> de 18 (segunda) at\u00e9 dia 20\/12 (quarta) \u00e0s 20h.<\/p>\n<\/td>\n<\/tr>\n<tr style=\"border-style: solid;border-color: #000000\">\n<td style=\"width: 16.0481%;height: 23px;border-style: solid;border-color: #000000;text-align: center\">22\/12\/23<\/td>\n<td style=\"width: 41.6749%;height: 23px;border-style: solid;border-color: #000000;text-align: center\">\n<p>\u00daltimo dia de funcionamento do <strong>RU campus I<\/strong><\/p>\n<\/td>\n<\/tr>\n<tr style=\"border-style: solid;border-color: #000000\">\n<td style=\"width: 16.0481%;border-style: solid;border-color: #000000;text-align: center;height: 23px\">27\/12\/23<\/td>\n<td style=\"width: 41.6749%;border-style: solid;border-color: #000000;text-align: center;height: 23px\">\n<p><strong>Distribui\u00e7\u00e3o de kits<\/strong> (caf\u00e9, almo\u00e7o e jantar) para os dias 28, 29, 30, 31\/12\/23 e 01\/01\/24 (5 dias).<\/p>\n<p><strong>Agendamento dos kits:<\/strong> de 23 (s\u00e1bado) at\u00e9 dia 25\/12 (segunda) \u00e0s 20h.<\/p>\n<\/td>\n<\/tr>\n<tr style=\"border-style: solid;border-color: #000000\">\n<td style=\"width: 16.0481%;height: 19px;border-style: solid;border-color: #000000;text-align: center\">23\/12\/23 a 01\/01\/24<\/td>\n<td style=\"width: 41.6749%;height: 19px;border-style: solid;border-color: #000000;text-align: center\">\n<p><strong>Recesso de Natal: RU FECHADO<\/strong><\/p>\n<\/td>\n<\/tr>\n<tr style=\"border-style: solid;border-color: #000000\">\n<td style=\"width: 16.0481%;border-style: solid;border-color: #000000;height: 23px;text-align: center\">02\/01\/24<\/td>\n<td style=\"width: 41.6749%;border-style: solid;border-color: #000000;height: 23px;text-align: center\">\n<p>Retorno dos atendimentos no <strong>RU campus I<\/strong><\/p>\n<\/td>\n<\/tr>\n<\/tbody>\n<\/table>\n<p>\u00a0<\/p>\n<p>Informa\u00e7\u00f5es importantes:<\/p>\n<ol>\n<li>Sobre o funcionamento durantes as f\u00e9rias: <a href=\"https:\/\/www.ufsm.br\/orgaos-suplementares\/ru\/2023\/12\/07\/sobre-o-funcionamento-do-ru-durante-as-ferias\">clique aqui<\/a>.<\/li>\n<li>O hor\u00e1rio das refei\u00e7\u00f5es ser\u00e1 reduzido durante as f\u00e9rias: <a href=\"https:\/\/www.ufsm.br\/orgaos-suplementares\/ru\/horarios\">confira aqui<\/a>.\u00a0<\/li>\n<\/ol>\n","protected":false},"excerpt":{"rendered":"<p>O Restaurante Universit\u00e1rio (RU) informa o cronograma de funcionamento de dezembro de 2023: O RU campus II estar\u00e1 atendendo at\u00e9 dia 15\/12\/23, sexta-feira. Ficando fechado durante as f\u00e9rias e retornando no in\u00edcio do semestre letivo, em mar\u00e7o de 2024. O RU campus I atender\u00e1 at\u00e9 o dia 22\/12\/23, sexta-feira. Retornando dia 02\/01\/24, ter\u00e7a-feira, ap\u00f3s recesso [&hellip;]<\/p>\n","protected":false},"author":7385,"featured_media":0,"comment_status":"closed","ping_status":"closed","sticky":false,"template":"","format":"standard","meta":{"footnotes":""},"categories":[1],"tags":[],"class_list":["post-828","post","type-post","status-publish","format-standard","hentry","category-noticias"],"acf":[],"_links":{"self":[{"href":"https:\/\/www.ufsm.br\/orgaos-suplementares\/ru\/wp-json\/wp\/v2\/posts\/828","targetHints":{"allow":["GET"]}}],"collection":[{"href":"https:\/\/www.ufsm.br\/orgaos-suplementares\/ru\/wp-json\/wp\/v2\/posts"}],"about":[{"href":"https:\/\/www.ufsm.br\/orgaos-suplementares\/ru\/wp-json\/wp\/v2\/types\/post"}],"author":[{"embeddable":true,"href":"https:\/\/www.ufsm.br\/orgaos-suplementares\/ru\/wp-json\/wp\/v2\/users\/7385"}],"replies":[{"embeddable":true,"href":"https:\/\/www.ufsm.br\/orgaos-suplementares\/ru\/wp-json\/wp\/v2\/comments?post=828"}],"version-history":[{"count":0,"href":"https:\/\/www.ufsm.br\/orgaos-suplementares\/ru\/wp-json\/wp\/v2\/posts\/828\/revisions"}],"wp:attachment":[{"href":"https:\/\/www.ufsm.br\/orgaos-suplementares\/ru\/wp-json\/wp\/v2\/media?parent=828"}],"wp:term":[{"taxonomy":"category","embeddable":true,"href":"https:\/\/www.ufsm.br\/orgaos-suplementares\/ru\/wp-json\/wp\/v2\/categories?post=828"},{"taxonomy":"post_tag","embeddable":true,"href":"https:\/\/www.ufsm.br\/orgaos-suplementares\/ru\/wp-json\/wp\/v2\/tags?post=828"}],"curies":[{"name":"wp","href":"https:\/\/api.w.org\/{rel}","templated":true}]}}