{"id":831,"date":"2023-12-15T16:02:49","date_gmt":"2023-12-15T19:02:49","guid":{"rendered":"https:\/\/www.ufsm.br\/orgaos-suplementares\/ru\/?p=831"},"modified":"2024-01-08T14:37:03","modified_gmt":"2024-01-08T17:37:03","slug":"horario-de-atendimento-durante-o-recesso-academico-ferias","status":"publish","type":"post","link":"https:\/\/www.ufsm.br\/orgaos-suplementares\/ru\/2023\/12\/15\/horario-de-atendimento-durante-o-recesso-academico-ferias","title":{"rendered":"Hor\u00e1rio de atendimento durante o Recesso Acad\u00eamico (F\u00e9rias)"},"content":{"rendered":"\n<p>Considerando a <a href=\"https:\/\/portal.ufsm.br\/documentos\/download.html?action=arquivosIndexados&amp;id=14518091&amp;download=false\">PORTARIA NORMATIVA UFSM N. 056, DE 19 DE JANEIRO DE 2023<\/a>, que estabelece o cumprimento da jornada de trabalho dos(as) servidores(as) da Universidade Federal de Santa Maria no per\u00edodo de f\u00e9rias acad\u00eamicas, o RU informa que o hor\u00e1rio de <strong>atendimento presencial da Secretaria do RU<\/strong>, durante os dias 26\/12\/23 a 08\/03\/24, ser\u00e1 das <strong>09h \u00e0s 13h<\/strong> de segunda a sexta-feira.<\/p>\n<p>As refei\u00e7\u00f5es ser\u00e3o servidas de <strong>segunda a sexta*<\/strong>, e seus respectivos hor\u00e1rios podem serem conferidos no quadro abaixo:<\/p>\n<table style=\"border-collapse: collapse;width: 100%;height: 138px\">\n<tbody>\n<tr style=\"height: 23px\">\n<td style=\"width: 33.3333%;text-align: center;height: 23px\"><strong>REFEI\u00c7\u00c3O<\/strong><\/td>\n<td style=\"width: 33.3333%;text-align: center;height: 23px\"><strong>RU campus I<\/strong><\/td>\n<td style=\"width: 33.3333%;text-align: center;height: 23px\">\n<p><strong>RU campus II<\/strong><\/p>\n<\/td>\n<\/tr>\n<tr style=\"height: 23px\">\n<td style=\"width: 33.3333%;height: 23px;text-align: center\">Desjejum<\/td>\n<td style=\"width: 33.3333%;height: 23px;text-align: center\">07h \u00e0s 08h45<\/td>\n<td style=\"width: 33.3333%;height: 23px;text-align: center\">\n<p>fechado<\/p>\n<\/td>\n<\/tr>\n<tr style=\"height: 23px\">\n<td style=\"width: 33.3333%;height: 23px;text-align: center\">Almo\u00e7o<\/td>\n<td style=\"width: 33.3333%;height: 23px;text-align: center\">11:30h \u00e0s 13:30h<\/td>\n<td style=\"width: 33.3333%;height: 23px;text-align: center\">\n<p>fechado<\/p>\n<\/td>\n<\/tr>\n<tr style=\"height: 23px\">\n<td style=\"width: 33.3333%;height: 23px;text-align: center\">Kit de distribui\u00e7\u00e3o (sexta-feira)<\/td>\n<td style=\"width: 33.3333%;height: 23px;text-align: center\">15:45h \u00e0s 17h<\/td>\n<td style=\"width: 33.3333%;height: 23px;text-align: center\">\n<p>fechado<\/p>\n<\/td>\n<\/tr>\n<tr style=\"height: 23px\">\n<td style=\"width: 33.3333%;height: 23px;text-align: center\">Jantar<\/td>\n<td style=\"width: 33.3333%;height: 23px;text-align: center\">18h \u00e0s 19h30<\/td>\n<td style=\"width: 33.3333%;height: 23px;text-align: center\">\n<p>fechado<\/p>\n<\/td>\n<\/tr>\n<tr style=\"height: 23px\">\n<td style=\"width: 33.3333%;height: 23px;text-align: center\">Marmitex**<\/td>\n<td style=\"width: 33.3333%;height: 23px;text-align: center\">11h30 \u00e0s 13h<\/td>\n<td style=\"width: 33.3333%;height: 23px;text-align: center\">\n<p>fechado<\/p>\n<\/td>\n<\/tr>\n<\/tbody>\n<\/table>\n<p>*Aos s\u00e1bados n\u00e3o haver\u00e1 funcionamento.<\/p>\n<p>**Hor\u00e1rio da entrega do marmitex pela empresa terceirizada. Mais informa\u00e7\u00f5es\u00a0<strong><a href=\"https:\/\/www.ufsm.br\/orgaos-suplementares\/ru\/servicos\/entrega-marmitex\">Clique aqui.<\/a><\/strong><\/p>\n<p>\u00a0<\/p>\n<p>\u00a0<\/p>\n<p>\u00a0<\/p>\n<p>\u00a0<\/p>\n<p>\u00a0<\/p>\n<p>\u00a0<\/p>\n","protected":false},"excerpt":{"rendered":"<p>Considerando a PORTARIA NORMATIVA UFSM N. 056, DE 19 DE JANEIRO DE 2023, que estabelece o cumprimento da jornada de trabalho dos(as) servidores(as) da Universidade Federal de Santa Maria no per\u00edodo de f\u00e9rias acad\u00eamicas, o RU informa que o hor\u00e1rio de atendimento presencial da Secretaria do RU, durante os dias 26\/12\/23 a 08\/03\/24, ser\u00e1 das [&hellip;]<\/p>\n","protected":false},"author":7385,"featured_media":0,"comment_status":"closed","ping_status":"closed","sticky":false,"template":"","format":"standard","meta":{"footnotes":""},"categories":[1],"tags":[],"class_list":["post-831","post","type-post","status-publish","format-standard","hentry","category-noticias"],"acf":[],"_links":{"self":[{"href":"https:\/\/www.ufsm.br\/orgaos-suplementares\/ru\/wp-json\/wp\/v2\/posts\/831","targetHints":{"allow":["GET"]}}],"collection":[{"href":"https:\/\/www.ufsm.br\/orgaos-suplementares\/ru\/wp-json\/wp\/v2\/posts"}],"about":[{"href":"https:\/\/www.ufsm.br\/orgaos-suplementares\/ru\/wp-json\/wp\/v2\/types\/post"}],"author":[{"embeddable":true,"href":"https:\/\/www.ufsm.br\/orgaos-suplementares\/ru\/wp-json\/wp\/v2\/users\/7385"}],"replies":[{"embeddable":true,"href":"https:\/\/www.ufsm.br\/orgaos-suplementares\/ru\/wp-json\/wp\/v2\/comments?post=831"}],"version-history":[{"count":0,"href":"https:\/\/www.ufsm.br\/orgaos-suplementares\/ru\/wp-json\/wp\/v2\/posts\/831\/revisions"}],"wp:attachment":[{"href":"https:\/\/www.ufsm.br\/orgaos-suplementares\/ru\/wp-json\/wp\/v2\/media?parent=831"}],"wp:term":[{"taxonomy":"category","embeddable":true,"href":"https:\/\/www.ufsm.br\/orgaos-suplementares\/ru\/wp-json\/wp\/v2\/categories?post=831"},{"taxonomy":"post_tag","embeddable":true,"href":"https:\/\/www.ufsm.br\/orgaos-suplementares\/ru\/wp-json\/wp\/v2\/tags?post=831"}],"curies":[{"name":"wp","href":"https:\/\/api.w.org\/{rel}","templated":true}]}}