{"id":833,"date":"2024-01-11T15:55:53","date_gmt":"2024-01-11T18:55:53","guid":{"rendered":"https:\/\/www.ufsm.br\/orgaos-suplementares\/ru\/?p=833"},"modified":"2024-01-11T15:55:54","modified_gmt":"2024-01-11T18:55:54","slug":"alteracao-do-horario-de-entrega-do-kit-distribuicao-no-periodo-de-recesso-academico","status":"publish","type":"post","link":"https:\/\/www.ufsm.br\/orgaos-suplementares\/ru\/2024\/01\/11\/alteracao-do-horario-de-entrega-do-kit-distribuicao-no-periodo-de-recesso-academico","title":{"rendered":"Altera\u00e7\u00e3o do hor\u00e1rio de entrega do kit distribui\u00e7\u00e3o no per\u00edodo de recesso acad\u00eamico"},"content":{"rendered":"\n<p style=\"text-align: justify\">O Restaurante Universit\u00e1rio (RU) informa que, a partir desta sexta-feira (12\/01), o Kit de distribui\u00e7\u00e3o de g\u00eaneros aliment\u00edcios ser\u00e1 entregue, no per\u00edodo de recesso acad\u00eamico (12\/01 a 08\/03), das <span style=\"text-decoration: underline\"><strong>15h45 \u00e0s 17h.<\/strong><\/span> O kit visa atender a alimenta\u00e7\u00e3o dos estudantes moradores da Casa de Estudante (CEU) com benef\u00edcio socioecon\u00f4mico (BSE) ativo.\u00a0<\/p>\n<p>Mais informa\u00e7\u00f5es na secretaria do RU Campus I ou pelo e-mail secretaria.ru@ufsm.br.<\/p>\n","protected":false},"excerpt":{"rendered":"<p>O Restaurante Universit\u00e1rio (RU) informa que, a partir desta sexta-feira (12\/01), o Kit de distribui\u00e7\u00e3o de g\u00eaneros aliment\u00edcios ser\u00e1 entregue, no per\u00edodo de recesso acad\u00eamico (12\/01 a 08\/03), das 15h45 \u00e0s 17h. O kit visa atender a alimenta\u00e7\u00e3o dos estudantes moradores da Casa de Estudante (CEU) com benef\u00edcio socioecon\u00f4mico (BSE) ativo.\u00a0 Mais informa\u00e7\u00f5es na secretaria [&hellip;]<\/p>\n","protected":false},"author":323,"featured_media":0,"comment_status":"closed","ping_status":"closed","sticky":false,"template":"","format":"standard","meta":{"footnotes":""},"categories":[1],"tags":[],"class_list":["post-833","post","type-post","status-publish","format-standard","hentry","category-noticias"],"acf":[],"_links":{"self":[{"href":"https:\/\/www.ufsm.br\/orgaos-suplementares\/ru\/wp-json\/wp\/v2\/posts\/833","targetHints":{"allow":["GET"]}}],"collection":[{"href":"https:\/\/www.ufsm.br\/orgaos-suplementares\/ru\/wp-json\/wp\/v2\/posts"}],"about":[{"href":"https:\/\/www.ufsm.br\/orgaos-suplementares\/ru\/wp-json\/wp\/v2\/types\/post"}],"author":[{"embeddable":true,"href":"https:\/\/www.ufsm.br\/orgaos-suplementares\/ru\/wp-json\/wp\/v2\/users\/323"}],"replies":[{"embeddable":true,"href":"https:\/\/www.ufsm.br\/orgaos-suplementares\/ru\/wp-json\/wp\/v2\/comments?post=833"}],"version-history":[{"count":0,"href":"https:\/\/www.ufsm.br\/orgaos-suplementares\/ru\/wp-json\/wp\/v2\/posts\/833\/revisions"}],"wp:attachment":[{"href":"https:\/\/www.ufsm.br\/orgaos-suplementares\/ru\/wp-json\/wp\/v2\/media?parent=833"}],"wp:term":[{"taxonomy":"category","embeddable":true,"href":"https:\/\/www.ufsm.br\/orgaos-suplementares\/ru\/wp-json\/wp\/v2\/categories?post=833"},{"taxonomy":"post_tag","embeddable":true,"href":"https:\/\/www.ufsm.br\/orgaos-suplementares\/ru\/wp-json\/wp\/v2\/tags?post=833"}],"curies":[{"name":"wp","href":"https:\/\/api.w.org\/{rel}","templated":true}]}}