{"id":837,"date":"2024-02-02T10:20:57","date_gmt":"2024-02-02T13:20:57","guid":{"rendered":"https:\/\/www.ufsm.br\/orgaos-suplementares\/ru\/?p=837"},"modified":"2024-02-02T10:20:58","modified_gmt":"2024-02-02T13:20:58","slug":"usuarios-que-nao-possuem-foto-no-cadastro-precisarao-inserir-uma-foto-para-acesso-aos-restaurantes-universitarios-da-ufsm","status":"publish","type":"post","link":"https:\/\/www.ufsm.br\/orgaos-suplementares\/ru\/2024\/02\/02\/usuarios-que-nao-possuem-foto-no-cadastro-precisarao-inserir-uma-foto-para-acesso-aos-restaurantes-universitarios-da-ufsm","title":{"rendered":"Usu\u00e1rios que n\u00e3o possuem foto no cadastro precisar\u00e3o inserir uma foto para acesso aos Restaurantes Universit\u00e1rios da UFSM"},"content":{"rendered":"\n<p style=\"text-align: justify\">Os estudantes que utilizam os Restaurantes Universit\u00e1rios (RUs) da UFSM por meio do comprovante de matr\u00edcula, que n\u00e3o tem foto no cadastro, precisar\u00e3o inserir uma foto, no App UFSM digital ou no Portal RU, para gerar a carteira digital do RU. A carteira de identifica\u00e7\u00e3o do RU \u00e9 o <strong>documento v\u00e1lido obrigat\u00f3rio<\/strong> para acesso aos Restaurantes Universit\u00e1rios da UFSM, seja na vers\u00e3o f\u00edsica ou digital. A foto poder\u00e1 ser inserida no pr\u00f3prio App <strong>UFSM Digital<\/strong> (<strong>Servi\u00e7os &gt; Foto e-Carteira<\/strong>). Os requisitos para aprova\u00e7\u00e3o e valida\u00e7\u00e3o da foto s\u00e3o: formato 3\u00d74, foto de frente, enquadramento do rosto e fundo branco. Caso a foto inserida n\u00e3o cumpra os requisitos exigidos ser\u00e1 recusada e a solicita\u00e7\u00e3o ser\u00e1 devolvida ao usu\u00e1rio para inserir uma outra foto v\u00e1lida. A carteira digital somente \u00e9 gerada ap\u00f3s an\u00e1lise e aprova\u00e7\u00e3o da foto pelo RU, e poder\u00e1 ser aprovada em at\u00e9 2 (dois) dias \u00fateis, dependendo da quantidade de solicita\u00e7\u00f5es.<\/p>\n<p style=\"text-align: justify\">O envio da foto \u00e9 necess\u00e1rio para atualiza\u00e7\u00e3o do cadastro do usu\u00e1rio no RU e tamb\u00e9m para agilizar o acesso aos refeit\u00f3rios, visto que, para aqueles usu\u00e1rios sem foto, s\u00e3o exigidos no acesso um documento de identidade para valida\u00e7\u00e3o. Os estudantes e demais usu\u00e1rios que n\u00e3o tem foto no cadastro <strong>t\u00eam at\u00e9 o dia 08 de mar\u00e7o para envio.<\/strong> <\/p>\n<p style=\"text-align: justify\">Mais informa\u00e7\u00f5es na secretaria do RU Campus I ou pelo e-mail secretaria.ru@ufsm.br.\u00a0<\/p>\n","protected":false},"excerpt":{"rendered":"<p>Os estudantes que utilizam os Restaurantes Universit\u00e1rios (RUs) da UFSM por meio do comprovante de matr\u00edcula, que n\u00e3o tem foto no cadastro, precisar\u00e3o inserir uma foto, no App UFSM digital ou no Portal RU, para gerar a carteira digital do RU. A carteira de identifica\u00e7\u00e3o do RU \u00e9 o documento v\u00e1lido obrigat\u00f3rio para acesso aos [&hellip;]<\/p>\n","protected":false},"author":323,"featured_media":0,"comment_status":"closed","ping_status":"closed","sticky":false,"template":"","format":"standard","meta":{"footnotes":""},"categories":[1],"tags":[],"class_list":["post-837","post","type-post","status-publish","format-standard","hentry","category-noticias"],"acf":[],"_links":{"self":[{"href":"https:\/\/www.ufsm.br\/orgaos-suplementares\/ru\/wp-json\/wp\/v2\/posts\/837","targetHints":{"allow":["GET"]}}],"collection":[{"href":"https:\/\/www.ufsm.br\/orgaos-suplementares\/ru\/wp-json\/wp\/v2\/posts"}],"about":[{"href":"https:\/\/www.ufsm.br\/orgaos-suplementares\/ru\/wp-json\/wp\/v2\/types\/post"}],"author":[{"embeddable":true,"href":"https:\/\/www.ufsm.br\/orgaos-suplementares\/ru\/wp-json\/wp\/v2\/users\/323"}],"replies":[{"embeddable":true,"href":"https:\/\/www.ufsm.br\/orgaos-suplementares\/ru\/wp-json\/wp\/v2\/comments?post=837"}],"version-history":[{"count":0,"href":"https:\/\/www.ufsm.br\/orgaos-suplementares\/ru\/wp-json\/wp\/v2\/posts\/837\/revisions"}],"wp:attachment":[{"href":"https:\/\/www.ufsm.br\/orgaos-suplementares\/ru\/wp-json\/wp\/v2\/media?parent=837"}],"wp:term":[{"taxonomy":"category","embeddable":true,"href":"https:\/\/www.ufsm.br\/orgaos-suplementares\/ru\/wp-json\/wp\/v2\/categories?post=837"},{"taxonomy":"post_tag","embeddable":true,"href":"https:\/\/www.ufsm.br\/orgaos-suplementares\/ru\/wp-json\/wp\/v2\/tags?post=837"}],"curies":[{"name":"wp","href":"https:\/\/api.w.org\/{rel}","templated":true}]}}