{"id":843,"date":"2024-03-13T08:47:29","date_gmt":"2024-03-13T11:47:29","guid":{"rendered":"https:\/\/www.ufsm.br\/orgaos-suplementares\/ru\/?p=843"},"modified":"2024-03-13T08:47:31","modified_gmt":"2024-03-13T11:47:31","slug":"ru-informa-os-novos-horarios-das-refeicoes-aos-sabados","status":"publish","type":"post","link":"https:\/\/www.ufsm.br\/orgaos-suplementares\/ru\/2024\/03\/13\/ru-informa-os-novos-horarios-das-refeicoes-aos-sabados","title":{"rendered":"RU informa os novos hor\u00e1rios das refei\u00e7\u00f5es aos s\u00e1bados"},"content":{"rendered":"\n<p style=\"text-align: justify\">O Restaurante Universit\u00e1rio (RU) informa que, a partir deste s\u00e1bado (16\/03), o atendimento aos s\u00e1bados ser\u00e1 nos seguintes hor\u00e1rios: <\/p>\n<p style=\"text-align: justify\"><strong>Caf\u00e9 da manh\u00e3<\/strong>: 08h \u00e0s 09h30<br \/><strong>Almo\u00e7o<\/strong>: 11h30 \u00e0s 13h30<br \/><strong>Jantar<\/strong>: 18h \u00e0s 19h30<br \/><strong>Kit de distribui\u00e7\u00e3o para 1 (um) dia<\/strong>: 15h45 \u00e0s 17h<br \/><strong>Kit de distribui\u00e7\u00e3o para 2 (dois) ou mais dias<\/strong>: 15h \u00e0s 17h<\/p>\n<p style=\"text-align: justify\">Obs. O kit de distribui\u00e7\u00e3o de g\u00eaneros aliment\u00edcios \u00e9 <strong>exclusivo<\/strong> para estudantes moradores da Casa de Estudante (CEU) com benef\u00edcio socioecon\u00f4mico (BSE) ativo e visa atender as refei\u00e7\u00f5es de domingos e feriados. Mais informa\u00e7\u00f5es sobre o kit <strong><a href=\"https:\/\/www.ufsm.br\/orgaos-suplementares\/ru\/kit-de-distribuicao-de-generos\">Clique aqui<\/a><\/strong><\/p>\n<p style=\"text-align: justify\">D\u00favidas podem ser esclarecidas na secretaria do RU Campus I ou pelo e-mail secretaria.ru@ufsm.br.<\/p>\n\n\n","protected":false},"excerpt":{"rendered":"<p>O Restaurante Universit\u00e1rio (RU) informa que, a partir deste s\u00e1bado (16\/03), o atendimento aos s\u00e1bados ser\u00e1 nos seguintes hor\u00e1rios: Caf\u00e9 da manh\u00e3: 08h \u00e0s 09h30Almo\u00e7o: 11h30 \u00e0s 13h30Jantar: 18h \u00e0s 19h30Kit de distribui\u00e7\u00e3o para 1 (um) dia: 15h45 \u00e0s 17hKit de distribui\u00e7\u00e3o para 2 (dois) ou mais dias: 15h \u00e0s 17h Obs. O kit de [&hellip;]<\/p>\n","protected":false},"author":323,"featured_media":0,"comment_status":"closed","ping_status":"closed","sticky":false,"template":"","format":"standard","meta":{"footnotes":""},"categories":[1],"tags":[],"class_list":["post-843","post","type-post","status-publish","format-standard","hentry","category-noticias"],"acf":[],"_links":{"self":[{"href":"https:\/\/www.ufsm.br\/orgaos-suplementares\/ru\/wp-json\/wp\/v2\/posts\/843","targetHints":{"allow":["GET"]}}],"collection":[{"href":"https:\/\/www.ufsm.br\/orgaos-suplementares\/ru\/wp-json\/wp\/v2\/posts"}],"about":[{"href":"https:\/\/www.ufsm.br\/orgaos-suplementares\/ru\/wp-json\/wp\/v2\/types\/post"}],"author":[{"embeddable":true,"href":"https:\/\/www.ufsm.br\/orgaos-suplementares\/ru\/wp-json\/wp\/v2\/users\/323"}],"replies":[{"embeddable":true,"href":"https:\/\/www.ufsm.br\/orgaos-suplementares\/ru\/wp-json\/wp\/v2\/comments?post=843"}],"version-history":[{"count":0,"href":"https:\/\/www.ufsm.br\/orgaos-suplementares\/ru\/wp-json\/wp\/v2\/posts\/843\/revisions"}],"wp:attachment":[{"href":"https:\/\/www.ufsm.br\/orgaos-suplementares\/ru\/wp-json\/wp\/v2\/media?parent=843"}],"wp:term":[{"taxonomy":"category","embeddable":true,"href":"https:\/\/www.ufsm.br\/orgaos-suplementares\/ru\/wp-json\/wp\/v2\/categories?post=843"},{"taxonomy":"post_tag","embeddable":true,"href":"https:\/\/www.ufsm.br\/orgaos-suplementares\/ru\/wp-json\/wp\/v2\/tags?post=843"}],"curies":[{"name":"wp","href":"https:\/\/api.w.org\/{rel}","templated":true}]}}