{"id":855,"date":"2024-04-09T16:06:59","date_gmt":"2024-04-09T19:06:59","guid":{"rendered":"https:\/\/www.ufsm.br\/orgaos-suplementares\/ru\/?p=855"},"modified":"2024-11-11T12:40:34","modified_gmt":"2024-11-11T15:40:34","slug":"ru-abrira-aos-domingos-e-feriados","status":"publish","type":"post","link":"https:\/\/www.ufsm.br\/orgaos-suplementares\/ru\/2024\/04\/09\/ru-abrira-aos-domingos-e-feriados","title":{"rendered":"RU abrir\u00e1 aos domingos e feriados"},"content":{"rendered":"\n\n\n<p style=\"text-align: justify\">O Restaurante Universit\u00e1rio (RU) informa que a partir do dia 14 de abril passar\u00e1 a abrir aos domingos e feriados. Essa medida substituir\u00e1 o Kit de Distribui\u00e7\u00e3o e apenas os moradores da Casa do Estudante (CEU), com BSE ativo, ter\u00e3o acesso ao RU nestes dias.<\/p>\n<p>O hor\u00e1rio de cada refei\u00e7\u00e3o ser\u00e1 o mesmo dos s\u00e1bados:<\/p>\n<p>\u2013\u00a0<strong>caf\u00e9 da manh\u00e3: 08h \u00e0s 09h30<\/strong>;<\/p>\n<p>\u2013\u00a0<strong>almo\u00e7o: 11h30 \u00e0s 13h30<\/strong>; e,<\/p>\n<p>\u2013\u00a0<strong>jantar: 18h \u00e0s 19h30<\/strong>.<\/p>\n<p>Os agendamentos para as refei\u00e7\u00f5es de domingo estar\u00e3o dispon\u00edveis a partir das quintas-feiras.<\/p>\n<p style=\"text-align: justify\">Para realizar o agendamento no app UFSM Digital basta clicar na aba \u201cAgendar\u201d, selecionar as refei\u00e7\u00f5es que sinalizem como \u201cN\u00e3o letivo\u201d e confirmar (imagem abaixo).<\/p>\n<p><img fetchpriority=\"high\" decoding=\"async\" class=\"\" src=\"https:\/\/www.ufsm.br\/app\/uploads\/sites\/398\/2024\/04\/Agendamento-dias-nao-letivos.jpg\" width=\"289\" height=\"694\" \/><\/p>\n\n\n","protected":false},"excerpt":{"rendered":"<p>Medida visa substituir o kit de distribui\u00e7\u00e3o de g\u00eaneros aliment\u00edcios <\/p>\n","protected":false},"author":7385,"featured_media":857,"comment_status":"closed","ping_status":"closed","sticky":false,"template":"","format":"standard","meta":{"footnotes":""},"categories":[1],"tags":[],"class_list":["post-855","post","type-post","status-publish","format-standard","has-post-thumbnail","hentry","category-noticias"],"acf":[],"_links":{"self":[{"href":"https:\/\/www.ufsm.br\/orgaos-suplementares\/ru\/wp-json\/wp\/v2\/posts\/855","targetHints":{"allow":["GET"]}}],"collection":[{"href":"https:\/\/www.ufsm.br\/orgaos-suplementares\/ru\/wp-json\/wp\/v2\/posts"}],"about":[{"href":"https:\/\/www.ufsm.br\/orgaos-suplementares\/ru\/wp-json\/wp\/v2\/types\/post"}],"author":[{"embeddable":true,"href":"https:\/\/www.ufsm.br\/orgaos-suplementares\/ru\/wp-json\/wp\/v2\/users\/7385"}],"replies":[{"embeddable":true,"href":"https:\/\/www.ufsm.br\/orgaos-suplementares\/ru\/wp-json\/wp\/v2\/comments?post=855"}],"version-history":[{"count":0,"href":"https:\/\/www.ufsm.br\/orgaos-suplementares\/ru\/wp-json\/wp\/v2\/posts\/855\/revisions"}],"wp:featuredmedia":[{"embeddable":true,"href":"https:\/\/www.ufsm.br\/orgaos-suplementares\/ru\/wp-json\/wp\/v2\/media\/857"}],"wp:attachment":[{"href":"https:\/\/www.ufsm.br\/orgaos-suplementares\/ru\/wp-json\/wp\/v2\/media?parent=855"}],"wp:term":[{"taxonomy":"category","embeddable":true,"href":"https:\/\/www.ufsm.br\/orgaos-suplementares\/ru\/wp-json\/wp\/v2\/categories?post=855"},{"taxonomy":"post_tag","embeddable":true,"href":"https:\/\/www.ufsm.br\/orgaos-suplementares\/ru\/wp-json\/wp\/v2\/tags?post=855"}],"curies":[{"name":"wp","href":"https:\/\/api.w.org\/{rel}","templated":true}]}}