{"id":862,"date":"2024-05-10T14:43:55","date_gmt":"2024-05-10T17:43:55","guid":{"rendered":"https:\/\/www.ufsm.br\/orgaos-suplementares\/ru\/?p=862"},"modified":"2024-05-10T19:33:38","modified_gmt":"2024-05-10T22:33:38","slug":"ru-segue-atendendo-os-moradores-das-casas-de-estudantes","status":"publish","type":"post","link":"https:\/\/www.ufsm.br\/orgaos-suplementares\/ru\/2024\/05\/10\/ru-segue-atendendo-os-moradores-das-casas-de-estudantes","title":{"rendered":"RU segue atendendo os moradores das casas de estudantes"},"content":{"rendered":"\n<p style=\"text-align: justify\">Devido a situa\u00e7\u00e3o de calamidade p\u00fablica que o Rio Grande do Sul enfrenta, a UFSM suspendeu as atividades acad\u00eamicas no Campus Sede. A medida foi prorrogada at\u00e9 o dia 18 de maio. Contudo desde quinta-feira (02\/05), o Restaurante Universit\u00e1rio (RU) do Campus Sede est\u00e1 servindo as 3 (tr\u00eas) refei\u00e7\u00f5es di\u00e1rias (caf\u00e9 da manh\u00e3, almo\u00e7o e jantar) para os moradores das Casas do Estudantes (CEUs). Com o retorno \u00e0 normalidade no abastecimento juntamente com a estabilidade da internet e dos portais da UFSM, o RU avaliar\u00e1 a possibilidade de amplia\u00e7\u00e3o no atendimento, para alcan\u00e7ar todo p\u00fablico que possui o BSE &#8211; Benef\u00edcio S\u00f3cio Econ\u00f4mico.<\/p>\n<p>Mais informa\u00e7\u00f5es:<\/p>\n<p><a href=\"https:\/\/www.ufsm.br\/2024\/05\/02\/ufsm-suspende-atividades-academicas-durante-a-semana-de-06-a-10-de-maio\">UFSM suspende atividades acad\u00eamicas durante a semana de 06 a 10 de maio<\/a><\/p>\n<p><a href=\"https:\/\/www.ufsm.br\/2024\/05\/09\/ufsm-mantem-suspensao-da-aulas-e-flexibilizacao-administrativa-em-santa-maria-e-cachoeira-do-sul\">UFSM mant\u00e9m suspens\u00e3o da aulas e flexibiliza\u00e7\u00e3o administrativa em Santa Maria e Cachoeira do Sul<\/a><\/p>\n<p>\u00a0<\/p>\n\n\n","protected":false},"excerpt":{"rendered":"<p>Devido a situa\u00e7\u00e3o de calamidade p\u00fablica que o Rio Grande do Sul enfrenta, a UFSM suspendeu as atividades acad\u00eamicas no Campus Sede. A medida foi prorrogada at\u00e9 o dia 18 de maio. Contudo desde quinta-feira (02\/05), o Restaurante Universit\u00e1rio (RU) do Campus Sede est\u00e1 servindo as 3 (tr\u00eas) refei\u00e7\u00f5es di\u00e1rias (caf\u00e9 da manh\u00e3, almo\u00e7o e [&hellip;]<\/p>\n","protected":false},"author":323,"featured_media":0,"comment_status":"closed","ping_status":"closed","sticky":false,"template":"","format":"standard","meta":{"footnotes":""},"categories":[1],"tags":[],"class_list":["post-862","post","type-post","status-publish","format-standard","hentry","category-noticias"],"acf":[],"_links":{"self":[{"href":"https:\/\/www.ufsm.br\/orgaos-suplementares\/ru\/wp-json\/wp\/v2\/posts\/862","targetHints":{"allow":["GET"]}}],"collection":[{"href":"https:\/\/www.ufsm.br\/orgaos-suplementares\/ru\/wp-json\/wp\/v2\/posts"}],"about":[{"href":"https:\/\/www.ufsm.br\/orgaos-suplementares\/ru\/wp-json\/wp\/v2\/types\/post"}],"author":[{"embeddable":true,"href":"https:\/\/www.ufsm.br\/orgaos-suplementares\/ru\/wp-json\/wp\/v2\/users\/323"}],"replies":[{"embeddable":true,"href":"https:\/\/www.ufsm.br\/orgaos-suplementares\/ru\/wp-json\/wp\/v2\/comments?post=862"}],"version-history":[{"count":0,"href":"https:\/\/www.ufsm.br\/orgaos-suplementares\/ru\/wp-json\/wp\/v2\/posts\/862\/revisions"}],"wp:attachment":[{"href":"https:\/\/www.ufsm.br\/orgaos-suplementares\/ru\/wp-json\/wp\/v2\/media?parent=862"}],"wp:term":[{"taxonomy":"category","embeddable":true,"href":"https:\/\/www.ufsm.br\/orgaos-suplementares\/ru\/wp-json\/wp\/v2\/categories?post=862"},{"taxonomy":"post_tag","embeddable":true,"href":"https:\/\/www.ufsm.br\/orgaos-suplementares\/ru\/wp-json\/wp\/v2\/tags?post=862"}],"curies":[{"name":"wp","href":"https:\/\/api.w.org\/{rel}","templated":true}]}}