{"id":865,"date":"2024-05-13T17:31:03","date_gmt":"2024-05-13T20:31:03","guid":{"rendered":"https:\/\/www.ufsm.br\/orgaos-suplementares\/ru\/?p=865"},"modified":"2024-05-14T09:37:22","modified_gmt":"2024-05-14T12:37:22","slug":"nota-restaurante-universitario-da-ufsm-normaliza-atendimento","status":"publish","type":"post","link":"https:\/\/www.ufsm.br\/orgaos-suplementares\/ru\/2024\/05\/13\/nota-restaurante-universitario-da-ufsm-normaliza-atendimento","title":{"rendered":"Restaurante Universit\u00e1rio da UFSM normaliza atendimento"},"content":{"rendered":"\n<p style=\"text-align: justify\">O Restaurante Universit\u00e1rio (RU) no campus de Santa Maria retomar\u00e1 o atendimento aos estudantes e servidores(as) a partir desta quarta-feira (15). As tr\u00eas refei\u00e7\u00f5es di\u00e1rias (caf\u00e9 da manh\u00e3, almo\u00e7o e jantar) ser\u00e3o servidas no RU I do campus. O RU II permanecer\u00e1 fechado durante o per\u00edodo de suspens\u00e3o de atividades acad\u00eamicas e administrativas ocasionada pelo estado de calamidade p\u00fablica.<\/p>\n<p style=\"text-align: justify\">Em decorr\u00eancia dos \u00faltimos eventos clim\u00e1ticos, o RU estava em regime de racionamento de g\u00e1s, operando exclusivamente para refei\u00e7\u00f5es dos moradores da Casa do Estudante. As equipes t\u00e9cnicas e dire\u00e7\u00e3o do Restaurante Universit\u00e1rio (RU) do Campus Sede, junto com gest\u00e3o da UFSM, continuar\u00e3o monitorando as condi\u00e7\u00f5es de infraestrutura e insumos para a continuidade do servi\u00e7o.<\/p>\n<p style=\"text-align: justify\">Os hor\u00e1rios de funcionamento das refei\u00e7\u00f5es seguir\u00e3o os mesmos de per\u00edodos n\u00e3o letivos, <span style=\"text-decoration: underline\"><strong>mediante agendamento das refei\u00e7\u00f5es<\/strong><\/span>:<\/p>\n<ul>\n<li>caf\u00e9 da manh\u00e3: 08h \u00e0s 09h30;<\/li>\n<li>almo\u00e7o: 11h30 \u00e0s 13h30;<\/li>\n<li>jantar: 18h \u00e0s 19h30.<\/li>\n<\/ul>\n<p>Para realizar o agendamento no app UFSM Digital basta clicar na aba \u201cAgendar\u201d, selecionar as op\u00e7\u00f5es: \u201cRestaurante \u2013 Campus I\u201d, \u201cas datas\u201d e \u201ctipos de refei\u00e7\u00e3o\u201d de interesse.<\/p>\n\n\n\n<p class=\"wp-block-paragraph\"><\/p>\n","protected":false},"excerpt":{"rendered":"<p>RU retomar\u00e1 o atendimento aos estudantes e servidores(as) a partir desta quarta-feira (15).<\/p>\n","protected":false},"author":238,"featured_media":0,"comment_status":"closed","ping_status":"closed","sticky":false,"template":"","format":"standard","meta":{"footnotes":""},"categories":[1],"tags":[],"class_list":["post-865","post","type-post","status-publish","format-standard","hentry","category-noticias"],"acf":[],"_links":{"self":[{"href":"https:\/\/www.ufsm.br\/orgaos-suplementares\/ru\/wp-json\/wp\/v2\/posts\/865","targetHints":{"allow":["GET"]}}],"collection":[{"href":"https:\/\/www.ufsm.br\/orgaos-suplementares\/ru\/wp-json\/wp\/v2\/posts"}],"about":[{"href":"https:\/\/www.ufsm.br\/orgaos-suplementares\/ru\/wp-json\/wp\/v2\/types\/post"}],"author":[{"embeddable":true,"href":"https:\/\/www.ufsm.br\/orgaos-suplementares\/ru\/wp-json\/wp\/v2\/users\/238"}],"replies":[{"embeddable":true,"href":"https:\/\/www.ufsm.br\/orgaos-suplementares\/ru\/wp-json\/wp\/v2\/comments?post=865"}],"version-history":[{"count":0,"href":"https:\/\/www.ufsm.br\/orgaos-suplementares\/ru\/wp-json\/wp\/v2\/posts\/865\/revisions"}],"wp:attachment":[{"href":"https:\/\/www.ufsm.br\/orgaos-suplementares\/ru\/wp-json\/wp\/v2\/media?parent=865"}],"wp:term":[{"taxonomy":"category","embeddable":true,"href":"https:\/\/www.ufsm.br\/orgaos-suplementares\/ru\/wp-json\/wp\/v2\/categories?post=865"},{"taxonomy":"post_tag","embeddable":true,"href":"https:\/\/www.ufsm.br\/orgaos-suplementares\/ru\/wp-json\/wp\/v2\/tags?post=865"}],"curies":[{"name":"wp","href":"https:\/\/api.w.org\/{rel}","templated":true}]}}