{"id":866,"date":"2024-05-14T12:06:49","date_gmt":"2024-05-14T15:06:49","guid":{"rendered":"https:\/\/www.ufsm.br\/orgaos-suplementares\/ru\/?p=866"},"modified":"2024-05-15T07:02:05","modified_gmt":"2024-05-15T10:02:05","slug":"entrega-de-marmitex-na-ceu-i-sera-realizada-mediante-agendamento-da-refeicao","status":"publish","type":"post","link":"https:\/\/www.ufsm.br\/orgaos-suplementares\/ru\/2024\/05\/14\/entrega-de-marmitex-na-ceu-i-sera-realizada-mediante-agendamento-da-refeicao","title":{"rendered":"Entrega de marmitex na CEU I ser\u00e1 realizada mediante agendamento da refei\u00e7\u00e3o"},"content":{"rendered":"\n<p style=\"text-align: justify\">O Restaurante Universit\u00e1rio (RU) informa que, <strong>a partir desta quarta-feira (15\/05)<\/strong>, o fornecimento de alimenta\u00e7\u00e3o pronta do tipo <strong>&#8220;marmitex&#8221;<\/strong> (almo\u00e7o e jantar) ser\u00e1 entregue na Casa de Estudante (CEU I) <span style=\"text-decoration: underline\"><strong>mediante o agendamento da refei\u00e7\u00e3o<\/strong><\/span>.<\/p>\n<p style=\"text-align: justify\">Para realizar o agendamento no app UFSM Digital basta clicar na aba \u201cAgendar\u201d, selecionar as op\u00e7\u00f5es: \u201cRestaurante \u2013 Campus I\u201d, \u201cas datas\u201d e \u201ctipo de refei\u00e7\u00e3o\u201d <strong>Marmitex &#8211; almo\u00e7o<\/strong> e\/ou <strong>Marmitex &#8211; jantar<\/strong>.<\/p>\n<p style=\"text-align: justify\">O RU informa ainda que o estudante que agendar o marmitex &#8211; almo\u00e7o n\u00e3o conseguir\u00e1 agendar, para o mesmo dia, \u00e0 refei\u00e7\u00e3o almo\u00e7o fornecido pelo m\u00e9todo tradicional (sistema buffet), visto que as refei\u00e7\u00f5es s\u00e3o equivalentes. O mesmo vale para marmitex &#8211; jantar e a refei\u00e7\u00e3o jantar (buffet).<\/p>\n<p style=\"text-align: justify\">A entrega de marmitex para a Casa do Estudante (CEU I) \u00e9 de <strong>car\u00e1ter emergencial<\/strong> devido a suspens\u00e3o das atividades acad\u00eamicas no Campus Sede da UFSM em virtude da situa\u00e7\u00e3o de calamidade p\u00fablica que o Rio Grande do Sul enfrenta.<\/p>\n<p style=\"text-align: justify\">Para verificar o prazo de agendamento e cancelamento do marmitex <strong><a href=\"https:\/\/www.ufsm.br\/orgaos-suplementares\/ru\/prazos-de-agendamento-e-cancelamento-das-refeicoes\">Clique aqui<\/a><\/strong><br \/>Orienta\u00e7\u00f5es referente a retirada e consumo do marmitex <a href=\"https:\/\/www.ufsm.br\/orgaos-suplementares\/ru\/2024\/05\/13\/orientacoes-referente-a-retirada-e-consumo-da-alimentacao-servida-em-marmitex-ceu-1-centro\"><strong>Clique aqui<\/strong><\/a><\/p>\n<p style=\"text-align: justify\">D\u00favidas de marmitex poder\u00e3o ser enviadas para o e-mail marmitex.ru@ufsm.br ou pelo WhatsApp (55) 99171-4119.<\/p>\n","protected":false},"excerpt":{"rendered":"<p>Medida visa evitar o desperd\u00edcio de alimentos<\/p>\n","protected":false},"author":323,"featured_media":0,"comment_status":"closed","ping_status":"closed","sticky":false,"template":"","format":"standard","meta":{"footnotes":""},"categories":[1],"tags":[],"class_list":["post-866","post","type-post","status-publish","format-standard","hentry","category-noticias"],"acf":[],"_links":{"self":[{"href":"https:\/\/www.ufsm.br\/orgaos-suplementares\/ru\/wp-json\/wp\/v2\/posts\/866","targetHints":{"allow":["GET"]}}],"collection":[{"href":"https:\/\/www.ufsm.br\/orgaos-suplementares\/ru\/wp-json\/wp\/v2\/posts"}],"about":[{"href":"https:\/\/www.ufsm.br\/orgaos-suplementares\/ru\/wp-json\/wp\/v2\/types\/post"}],"author":[{"embeddable":true,"href":"https:\/\/www.ufsm.br\/orgaos-suplementares\/ru\/wp-json\/wp\/v2\/users\/323"}],"replies":[{"embeddable":true,"href":"https:\/\/www.ufsm.br\/orgaos-suplementares\/ru\/wp-json\/wp\/v2\/comments?post=866"}],"version-history":[{"count":0,"href":"https:\/\/www.ufsm.br\/orgaos-suplementares\/ru\/wp-json\/wp\/v2\/posts\/866\/revisions"}],"wp:attachment":[{"href":"https:\/\/www.ufsm.br\/orgaos-suplementares\/ru\/wp-json\/wp\/v2\/media?parent=866"}],"wp:term":[{"taxonomy":"category","embeddable":true,"href":"https:\/\/www.ufsm.br\/orgaos-suplementares\/ru\/wp-json\/wp\/v2\/categories?post=866"},{"taxonomy":"post_tag","embeddable":true,"href":"https:\/\/www.ufsm.br\/orgaos-suplementares\/ru\/wp-json\/wp\/v2\/tags?post=866"}],"curies":[{"name":"wp","href":"https:\/\/api.w.org\/{rel}","templated":true}]}}