{"id":867,"date":"2024-05-16T15:42:25","date_gmt":"2024-05-16T18:42:25","guid":{"rendered":"https:\/\/www.ufsm.br\/orgaos-suplementares\/ru\/?p=867"},"modified":"2024-05-16T15:42:27","modified_gmt":"2024-05-16T18:42:27","slug":"reabertura-geral-do-ru-na-proxima-segunda-20-05-24","status":"publish","type":"post","link":"https:\/\/www.ufsm.br\/orgaos-suplementares\/ru\/2024\/05\/16\/reabertura-geral-do-ru-na-proxima-segunda-20-05-24","title":{"rendered":"Reabertura Geral do RU na pr\u00f3xima segunda (20\/05\/24)"},"content":{"rendered":"\n\n\n<p>O Restaurante Universit\u00e1rio (RU) informa que, na pr\u00f3xima segunda-feira, dia 20 de maio de 2024, ser\u00e1 reaberto o RU campus II assim como o retorno dos hor\u00e1rios normais de dias letivos, <strong>mediante agendamento obrigat\u00f3rio das refei\u00e7\u00f5es.<\/strong><\/p>\n<p>Os hor\u00e1rios de segunda a sexta ser\u00e3o:<\/p>\n<ul>\n<li>caf\u00e9 da manh\u00e3: 06h50 \u00e0s 08h45;<\/li>\n<li>almo\u00e7o: 10h45 \u00e0s 13h45;<\/li>\n<li>jantar: 17h45 \u00e0s 19h45.<\/li>\n<\/ul>\n<p>Para realizar o agendamento no app UFSM Digital basta clicar na aba \u201cAgendar\u201d, selecionar as op\u00e7\u00f5es: \u201cRestaurante \u2013 Campus I\u201d, \u201cas datas\u201d e \u201ctipos de refei\u00e7\u00e3o\u201d de interesse.<\/p>\n","protected":false},"excerpt":{"rendered":"<p>O Restaurante Universit\u00e1rio (RU) informa que, na pr\u00f3xima segunda-feira, dia 20 de maio de 2024, ser\u00e1 reaberto o RU campus II assim como o retorno dos hor\u00e1rios normais de dias letivos, mediante agendamento obrigat\u00f3rio das refei\u00e7\u00f5es. Os hor\u00e1rios de segunda a sexta ser\u00e3o: caf\u00e9 da manh\u00e3: 06h50 \u00e0s 08h45; almo\u00e7o: 10h45 \u00e0s 13h45; jantar: 17h45 [&hellip;]<\/p>\n","protected":false},"author":7385,"featured_media":0,"comment_status":"closed","ping_status":"closed","sticky":false,"template":"","format":"standard","meta":{"footnotes":""},"categories":[1],"tags":[],"class_list":["post-867","post","type-post","status-publish","format-standard","hentry","category-noticias"],"acf":[],"_links":{"self":[{"href":"https:\/\/www.ufsm.br\/orgaos-suplementares\/ru\/wp-json\/wp\/v2\/posts\/867","targetHints":{"allow":["GET"]}}],"collection":[{"href":"https:\/\/www.ufsm.br\/orgaos-suplementares\/ru\/wp-json\/wp\/v2\/posts"}],"about":[{"href":"https:\/\/www.ufsm.br\/orgaos-suplementares\/ru\/wp-json\/wp\/v2\/types\/post"}],"author":[{"embeddable":true,"href":"https:\/\/www.ufsm.br\/orgaos-suplementares\/ru\/wp-json\/wp\/v2\/users\/7385"}],"replies":[{"embeddable":true,"href":"https:\/\/www.ufsm.br\/orgaos-suplementares\/ru\/wp-json\/wp\/v2\/comments?post=867"}],"version-history":[{"count":0,"href":"https:\/\/www.ufsm.br\/orgaos-suplementares\/ru\/wp-json\/wp\/v2\/posts\/867\/revisions"}],"wp:attachment":[{"href":"https:\/\/www.ufsm.br\/orgaos-suplementares\/ru\/wp-json\/wp\/v2\/media?parent=867"}],"wp:term":[{"taxonomy":"category","embeddable":true,"href":"https:\/\/www.ufsm.br\/orgaos-suplementares\/ru\/wp-json\/wp\/v2\/categories?post=867"},{"taxonomy":"post_tag","embeddable":true,"href":"https:\/\/www.ufsm.br\/orgaos-suplementares\/ru\/wp-json\/wp\/v2\/tags?post=867"}],"curies":[{"name":"wp","href":"https:\/\/api.w.org\/{rel}","templated":true}]}}