{"id":869,"date":"2024-06-18T16:32:29","date_gmt":"2024-06-18T19:32:29","guid":{"rendered":"https:\/\/www.ufsm.br\/orgaos-suplementares\/ru\/?p=869"},"modified":"2024-06-18T16:32:30","modified_gmt":"2024-06-18T19:32:30","slug":"exclusivamente-neste-final-de-semana-as-refeicoes-serao-servidas-no-ru-ii","status":"publish","type":"post","link":"https:\/\/www.ufsm.br\/orgaos-suplementares\/ru\/2024\/06\/18\/exclusivamente-neste-final-de-semana-as-refeicoes-serao-servidas-no-ru-ii","title":{"rendered":"EXCLUSIVAMENTE neste final de semana as refei\u00e7\u00f5es ser\u00e3o servidas no RU II"},"content":{"rendered":"\n<p>Exclusivamente neste s\u00e1bado e domingo, dias 22 e 23 de junho de 2024, as refei\u00e7\u00f5es (caf\u00e9, almo\u00e7o e jantar) ser\u00e3o servidas no Restaurante Universit\u00e1rio campus II.<\/p>\n<p><strong>Motivo:<\/strong> Manuten\u00e7\u00e3o interna para melhorias do RU I.<\/p>\n<p><strong><span style=\"color: #ff0000\">ATEN\u00c7\u00c3O!!!! O AGENDAMENTO SEGUE OBRIGAT\u00d3RIO!!!<\/span><\/strong><\/p>\n<p>O agendamento para s\u00e1bado estar\u00e1 dispon\u00edvel a partir de quarta-feira (19\/06), j\u00e1 para domingo estar\u00e1 dispon\u00edvel a partir de quinta-feira (20\/06) e dever\u00e1 ser feita a altera\u00e7\u00e3o no campo <strong>&#8220;Restaurante&#8221;<\/strong> para o <strong>&#8220;RU &#8211; Campus II&#8221;<\/strong>, para todas as refei\u00e7\u00f5es.<\/p>\n<p>Para demais esclarecimentos, pode entrar em contato pelo e-mail secretaria.ru@ufsm.br ou diretamente na Secretaria do RU de segunda a sexta das 9h \u00e0s 13h e das 14h \u00e0s 15h30.<\/p>\n<p>\u00a0<\/p>\n","protected":false},"excerpt":{"rendered":"<p>Exclusivamente neste s\u00e1bado e domingo, dias 22 e 23 de junho de 2024, as refei\u00e7\u00f5es (caf\u00e9, almo\u00e7o e jantar) ser\u00e3o servidas no Restaurante Universit\u00e1rio campus II. Motivo: Manuten\u00e7\u00e3o interna para melhorias do RU I. ATEN\u00c7\u00c3O!!!! O AGENDAMENTO SEGUE OBRIGAT\u00d3RIO!!! O agendamento para s\u00e1bado estar\u00e1 dispon\u00edvel a partir de quarta-feira (19\/06), j\u00e1 para domingo estar\u00e1 dispon\u00edvel [&hellip;]<\/p>\n","protected":false},"author":7385,"featured_media":0,"comment_status":"closed","ping_status":"closed","sticky":false,"template":"","format":"standard","meta":{"footnotes":""},"categories":[1],"tags":[],"class_list":["post-869","post","type-post","status-publish","format-standard","hentry","category-noticias"],"acf":[],"_links":{"self":[{"href":"https:\/\/www.ufsm.br\/orgaos-suplementares\/ru\/wp-json\/wp\/v2\/posts\/869","targetHints":{"allow":["GET"]}}],"collection":[{"href":"https:\/\/www.ufsm.br\/orgaos-suplementares\/ru\/wp-json\/wp\/v2\/posts"}],"about":[{"href":"https:\/\/www.ufsm.br\/orgaos-suplementares\/ru\/wp-json\/wp\/v2\/types\/post"}],"author":[{"embeddable":true,"href":"https:\/\/www.ufsm.br\/orgaos-suplementares\/ru\/wp-json\/wp\/v2\/users\/7385"}],"replies":[{"embeddable":true,"href":"https:\/\/www.ufsm.br\/orgaos-suplementares\/ru\/wp-json\/wp\/v2\/comments?post=869"}],"version-history":[{"count":0,"href":"https:\/\/www.ufsm.br\/orgaos-suplementares\/ru\/wp-json\/wp\/v2\/posts\/869\/revisions"}],"wp:attachment":[{"href":"https:\/\/www.ufsm.br\/orgaos-suplementares\/ru\/wp-json\/wp\/v2\/media?parent=869"}],"wp:term":[{"taxonomy":"category","embeddable":true,"href":"https:\/\/www.ufsm.br\/orgaos-suplementares\/ru\/wp-json\/wp\/v2\/categories?post=869"},{"taxonomy":"post_tag","embeddable":true,"href":"https:\/\/www.ufsm.br\/orgaos-suplementares\/ru\/wp-json\/wp\/v2\/tags?post=869"}],"curies":[{"name":"wp","href":"https:\/\/api.w.org\/{rel}","templated":true}]}}