{"id":878,"date":"2024-07-05T17:38:30","date_gmt":"2024-07-05T20:38:30","guid":{"rendered":"https:\/\/www.ufsm.br\/orgaos-suplementares\/ru\/?p=878"},"modified":"2024-07-05T17:38:32","modified_gmt":"2024-07-05T20:38:32","slug":"nota-de-pesar-emanuel-moreira-sobral","status":"publish","type":"post","link":"https:\/\/www.ufsm.br\/orgaos-suplementares\/ru\/2024\/07\/05\/nota-de-pesar-emanuel-moreira-sobral","title":{"rendered":"Nota de pesar &#8211; Emanuel Moreira Sobral"},"content":{"rendered":"\n<p style=\"text-align: justify\">\u00c9 com pesar que informamos o falecimento do colaborador da empresa terceirizada que presta servi\u00e7o no Restaurante Universit\u00e1rio (RU) do Campus Sede, Emanuel Moreira Sobral, no dia de hoje, 05\/07. O colaborador exercia suas atividades na fun\u00e7\u00e3o de cozinheiro, desde maio de 2023.\u00a0O RU se solidariza com os familiares, amigos e colegas neste momento de pesar.<\/p>\n","protected":false},"excerpt":{"rendered":"<p>\u00c9 com pesar que informamos o falecimento do colaborador da empresa terceirizada que presta servi\u00e7o no Restaurante Universit\u00e1rio (RU) do Campus Sede, Emanuel Moreira Sobral, no dia de hoje, 05\/07. O colaborador exercia suas atividades na fun\u00e7\u00e3o de cozinheiro, desde maio de 2023.\u00a0O RU se solidariza com os familiares, amigos e colegas neste momento de [&hellip;]<\/p>\n","protected":false},"author":323,"featured_media":0,"comment_status":"closed","ping_status":"closed","sticky":false,"template":"","format":"standard","meta":{"footnotes":""},"categories":[1],"tags":[],"class_list":["post-878","post","type-post","status-publish","format-standard","hentry","category-noticias"],"acf":[],"_links":{"self":[{"href":"https:\/\/www.ufsm.br\/orgaos-suplementares\/ru\/wp-json\/wp\/v2\/posts\/878","targetHints":{"allow":["GET"]}}],"collection":[{"href":"https:\/\/www.ufsm.br\/orgaos-suplementares\/ru\/wp-json\/wp\/v2\/posts"}],"about":[{"href":"https:\/\/www.ufsm.br\/orgaos-suplementares\/ru\/wp-json\/wp\/v2\/types\/post"}],"author":[{"embeddable":true,"href":"https:\/\/www.ufsm.br\/orgaos-suplementares\/ru\/wp-json\/wp\/v2\/users\/323"}],"replies":[{"embeddable":true,"href":"https:\/\/www.ufsm.br\/orgaos-suplementares\/ru\/wp-json\/wp\/v2\/comments?post=878"}],"version-history":[{"count":0,"href":"https:\/\/www.ufsm.br\/orgaos-suplementares\/ru\/wp-json\/wp\/v2\/posts\/878\/revisions"}],"wp:attachment":[{"href":"https:\/\/www.ufsm.br\/orgaos-suplementares\/ru\/wp-json\/wp\/v2\/media?parent=878"}],"wp:term":[{"taxonomy":"category","embeddable":true,"href":"https:\/\/www.ufsm.br\/orgaos-suplementares\/ru\/wp-json\/wp\/v2\/categories?post=878"},{"taxonomy":"post_tag","embeddable":true,"href":"https:\/\/www.ufsm.br\/orgaos-suplementares\/ru\/wp-json\/wp\/v2\/tags?post=878"}],"curies":[{"name":"wp","href":"https:\/\/api.w.org\/{rel}","templated":true}]}}