{"id":879,"date":"2024-07-09T16:22:50","date_gmt":"2024-07-09T19:22:50","guid":{"rendered":"https:\/\/www.ufsm.br\/orgaos-suplementares\/ru\/?p=879"},"modified":"2024-07-09T16:22:52","modified_gmt":"2024-07-09T19:22:52","slug":"acao-de-vacinacao-contra-a-gripe-no-ru-dia-11-07-24-quinta","status":"publish","type":"post","link":"https:\/\/www.ufsm.br\/orgaos-suplementares\/ru\/2024\/07\/09\/acao-de-vacinacao-contra-a-gripe-no-ru-dia-11-07-24-quinta","title":{"rendered":"A\u00e7\u00e3o de vacina\u00e7\u00e3o contra a Gripe, no RU, dia 11.07.24 (quinta)"},"content":{"rendered":"\n<p>O Restaurante Universit\u00e1rio vem por meio deste informar que haver\u00e1 nesta quinta-feira, dia 11\/07\/24, uma a\u00e7\u00e3o de vacina\u00e7\u00e3o contra a gripe nos hor\u00e1rios abaixo:<\/p>\n<p>RU 1: das 08h \u00e0s 13h<br \/>RU 2: das 11h \u00e0s 13h<\/p>\n<p>A\u00e7\u00e3o realizada pelo Curso de Enfermagem em parceria com o N\u00facleo de Educa\u00e7\u00e3o Permanente em Sa\u00fade da Secretaria Municipal da Sa\u00fade de Santa Maria, tendo em vista a baixa cobertura vacinal nesse p\u00fablico.<\/p>\n","protected":false},"excerpt":{"rendered":"<p>O Restaurante Universit\u00e1rio vem por meio deste informar que haver\u00e1 nesta quinta-feira, dia 11\/07\/24, uma a\u00e7\u00e3o de vacina\u00e7\u00e3o contra a gripe nos hor\u00e1rios abaixo: RU 1: das 08h \u00e0s 13hRU 2: das 11h \u00e0s 13h A\u00e7\u00e3o realizada pelo Curso de Enfermagem em parceria com o N\u00facleo de Educa\u00e7\u00e3o Permanente em Sa\u00fade da Secretaria Municipal da [&hellip;]<\/p>\n","protected":false},"author":7385,"featured_media":0,"comment_status":"closed","ping_status":"closed","sticky":false,"template":"","format":"standard","meta":{"footnotes":""},"categories":[1],"tags":[],"class_list":["post-879","post","type-post","status-publish","format-standard","hentry","category-noticias"],"acf":[],"_links":{"self":[{"href":"https:\/\/www.ufsm.br\/orgaos-suplementares\/ru\/wp-json\/wp\/v2\/posts\/879","targetHints":{"allow":["GET"]}}],"collection":[{"href":"https:\/\/www.ufsm.br\/orgaos-suplementares\/ru\/wp-json\/wp\/v2\/posts"}],"about":[{"href":"https:\/\/www.ufsm.br\/orgaos-suplementares\/ru\/wp-json\/wp\/v2\/types\/post"}],"author":[{"embeddable":true,"href":"https:\/\/www.ufsm.br\/orgaos-suplementares\/ru\/wp-json\/wp\/v2\/users\/7385"}],"replies":[{"embeddable":true,"href":"https:\/\/www.ufsm.br\/orgaos-suplementares\/ru\/wp-json\/wp\/v2\/comments?post=879"}],"version-history":[{"count":0,"href":"https:\/\/www.ufsm.br\/orgaos-suplementares\/ru\/wp-json\/wp\/v2\/posts\/879\/revisions"}],"wp:attachment":[{"href":"https:\/\/www.ufsm.br\/orgaos-suplementares\/ru\/wp-json\/wp\/v2\/media?parent=879"}],"wp:term":[{"taxonomy":"category","embeddable":true,"href":"https:\/\/www.ufsm.br\/orgaos-suplementares\/ru\/wp-json\/wp\/v2\/categories?post=879"},{"taxonomy":"post_tag","embeddable":true,"href":"https:\/\/www.ufsm.br\/orgaos-suplementares\/ru\/wp-json\/wp\/v2\/tags?post=879"}],"curies":[{"name":"wp","href":"https:\/\/api.w.org\/{rel}","templated":true}]}}