{"id":905,"date":"2024-11-11T09:33:06","date_gmt":"2024-11-11T12:33:06","guid":{"rendered":"https:\/\/www.ufsm.br\/orgaos-suplementares\/ru\/?p=905"},"modified":"2024-11-11T09:33:28","modified_gmt":"2024-11-11T12:33:28","slug":"ru-estara-fechado-no-jantar-do-dia-15-11-24-e-durante-o-dia-de-16-11-24-entrega-de-kits-a-moradores-da-ceu","status":"publish","type":"post","link":"https:\/\/www.ufsm.br\/orgaos-suplementares\/ru\/2024\/11\/11\/ru-estara-fechado-no-jantar-do-dia-15-11-24-e-durante-o-dia-de-16-11-24-entrega-de-kits-a-moradores-da-ceu","title":{"rendered":"RU estar\u00e1 fechado no jantar do dia 15\/11\/24 e durante o dia de 16\/11\/24 &#8211; Entrega de Kits a moradores da CEU"},"content":{"rendered":"\n<p>O Restaurante Universit\u00e1rio (RU) informa que n\u00e3o haver\u00e1 fornecimento da refei\u00e7\u00e3o JANTAR no dia 15 de novembro, assim como, estar\u00e1 fechado durante todo o dia de 16 de novembro de 2024.<\/p>\n<p>Motivo: <b>higieniza\u00e7\u00e3o do reservat\u00f3rio de \u00e1gua.<\/b><\/p>\n<p>Haver\u00e1 disponibiliza\u00e7\u00e3o do kit de distribui\u00e7\u00e3o aos moradores da Casa do Estudante Universit\u00e1rio.<\/p>\n<p>Sobre a entrega do kit de distribui\u00e7\u00e3o:<\/p>\n<ul>\n<li>Os Kits contemplam as refei\u00e7\u00f5es dos dias 15\/11 (jantar) e 16\/11 (caf\u00e9, almo\u00e7o e jantar);<\/li>\n<li>O agendamento pode ser feito at\u00e9 as 12h de quarta-feira (13\/11);<\/li>\n<li>A entrega dos Kits acontece no refeit\u00f3rio do RU1 na sexta-feira (15\/11);<\/li>\n<li>O hor\u00e1rio da entrega dos Kits \u00e9 das 15:30 \u00e0s 17:00;<\/li>\n<li>Os usu\u00e1rios dever\u00e3o trazer recursos (sacolas, caixas, entre outros) para acondicionamento e transporte dos g\u00eaneros aliment\u00edcios.<\/li>\n<\/ul>\n<p><img fetchpriority=\"high\" decoding=\"async\" class=\"wp-image-907 aligncenter\" src=\"https:\/\/www.ufsm.br\/app\/uploads\/sites\/398\/2024\/11\/12e8ba6f-5433-4d31-8e2f-cb421433f0ac-209x300.jpg\" alt=\"\" width=\"276\" height=\"396\" srcset=\"https:\/\/www.ufsm.br\/app\/uploads\/sites\/398\/2024\/11\/12e8ba6f-5433-4d31-8e2f-cb421433f0ac-209x300.jpg 209w, https:\/\/www.ufsm.br\/app\/uploads\/sites\/398\/2024\/11\/12e8ba6f-5433-4d31-8e2f-cb421433f0ac-712x1024.jpg 712w, https:\/\/www.ufsm.br\/app\/uploads\/sites\/398\/2024\/11\/12e8ba6f-5433-4d31-8e2f-cb421433f0ac.jpg 720w\" sizes=\"(max-width: 276px) 100vw, 276px\" \/><\/p>\n<p>Mais informa\u00e7\u00f5es na secretaria do RU ou pelo e-mail secretaria.ru@ufsm.br<\/p>\n","protected":false},"excerpt":{"rendered":"<p>O Restaurante Universit\u00e1rio (RU) informa que n\u00e3o haver\u00e1 fornecimento da refei\u00e7\u00e3o JANTAR no dia 15 de novembro, assim como, estar\u00e1 fechado durante todo o dia de 16 de novembro de 2024. Motivo: higieniza\u00e7\u00e3o do reservat\u00f3rio de \u00e1gua. Haver\u00e1 disponibiliza\u00e7\u00e3o do kit de distribui\u00e7\u00e3o aos moradores da Casa do Estudante Universit\u00e1rio. Sobre a entrega do kit [&hellip;]<\/p>\n","protected":false},"author":7385,"featured_media":0,"comment_status":"closed","ping_status":"closed","sticky":false,"template":"","format":"standard","meta":{"footnotes":""},"categories":[1],"tags":[],"class_list":["post-905","post","type-post","status-publish","format-standard","hentry","category-noticias"],"acf":[],"_links":{"self":[{"href":"https:\/\/www.ufsm.br\/orgaos-suplementares\/ru\/wp-json\/wp\/v2\/posts\/905","targetHints":{"allow":["GET"]}}],"collection":[{"href":"https:\/\/www.ufsm.br\/orgaos-suplementares\/ru\/wp-json\/wp\/v2\/posts"}],"about":[{"href":"https:\/\/www.ufsm.br\/orgaos-suplementares\/ru\/wp-json\/wp\/v2\/types\/post"}],"author":[{"embeddable":true,"href":"https:\/\/www.ufsm.br\/orgaos-suplementares\/ru\/wp-json\/wp\/v2\/users\/7385"}],"replies":[{"embeddable":true,"href":"https:\/\/www.ufsm.br\/orgaos-suplementares\/ru\/wp-json\/wp\/v2\/comments?post=905"}],"version-history":[{"count":0,"href":"https:\/\/www.ufsm.br\/orgaos-suplementares\/ru\/wp-json\/wp\/v2\/posts\/905\/revisions"}],"wp:attachment":[{"href":"https:\/\/www.ufsm.br\/orgaos-suplementares\/ru\/wp-json\/wp\/v2\/media?parent=905"}],"wp:term":[{"taxonomy":"category","embeddable":true,"href":"https:\/\/www.ufsm.br\/orgaos-suplementares\/ru\/wp-json\/wp\/v2\/categories?post=905"},{"taxonomy":"post_tag","embeddable":true,"href":"https:\/\/www.ufsm.br\/orgaos-suplementares\/ru\/wp-json\/wp\/v2\/tags?post=905"}],"curies":[{"name":"wp","href":"https:\/\/api.w.org\/{rel}","templated":true}]}}