{"id":941,"date":"2025-04-08T12:40:01","date_gmt":"2025-04-08T15:40:01","guid":{"rendered":"https:\/\/www.ufsm.br\/orgaos-suplementares\/ru\/?p=941"},"modified":"2025-04-08T12:40:03","modified_gmt":"2025-04-08T15:40:03","slug":"ru-estara-fechado-no-jantar-do-dia-09-04-2025-entrega-de-kits-a-moradores-da-ceu","status":"publish","type":"post","link":"https:\/\/www.ufsm.br\/orgaos-suplementares\/ru\/2025\/04\/08\/ru-estara-fechado-no-jantar-do-dia-09-04-2025-entrega-de-kits-a-moradores-da-ceu","title":{"rendered":"RU estar\u00e1 fechado no jantar do dia 09\/04\/2025 &#8211; Entrega de kits a moradores da CEU"},"content":{"rendered":"\n\n\n<p>O Restaurante Universit\u00e1rio (RU) informa que n\u00e3o haver\u00e1 fornecimento da refei\u00e7\u00e3o JANTAR no dia 09\/04\/2025 (quarta-feira).<\/p>\n<p>Motivo: <b>manuten\u00e7\u00e3o do reservat\u00f3rio de \u00e1gua.<\/b><\/p>\n<p>Haver\u00e1 disponibiliza\u00e7\u00e3o do kit de distribui\u00e7\u00e3o do jantar aos moradores da Casa do Estudante Universit\u00e1rio.<\/p>\n<p>Sobre a entrega do kit de distribui\u00e7\u00e3o:<\/p>\n<ul>\n<li>O kit contempla a refei\u00e7\u00e3o do dia 09\/04\/2025 (jantar);<\/li>\n<li>O agendamento pode ser feito at\u00e9 as 10h de quarta-feira (09\/04\/2025);<\/li>\n<li>A entrega do Kit acontece no refeit\u00f3rio do RU I na quarta-feira (09\/04\/2025) das 15h \u00e0s 17h;<\/li>\n<li>Os usu\u00e1rios dever\u00e3o trazer recursos (sacolas, caixas, entre outros) para acondicionamento e transporte dos g\u00eaneros aliment\u00edcios;<\/li>\n<li>Aqueles que n\u00e3o puderem fazer a retirada de seu kit poder\u00e3o autorizar um(a) colega para que o fa\u00e7a. Basta encaminhar e-mail para <em><a href=\"mailto:secretaria.ru@ufsm.br\">secretaria.ru@ufsm.br<\/a>, <\/em><strong><u>at\u00e9 14h de quarta-feira (09\/04\/2025),<\/u><\/strong> com matr\u00edcula e nome completo do(a) aluno (a) benefici\u00e1rio(a) do kit, bem como do(a) aluno(a) autorizado(a) a retirar.<\/li>\n<\/ul>\n","protected":false},"excerpt":{"rendered":"<p>O Restaurante Universit\u00e1rio (RU) informa que n\u00e3o haver\u00e1 fornecimento da refei\u00e7\u00e3o JANTAR no dia 09\/04\/2025 (quarta-feira). Motivo: manuten\u00e7\u00e3o do reservat\u00f3rio de \u00e1gua. Haver\u00e1 disponibiliza\u00e7\u00e3o do kit de distribui\u00e7\u00e3o do jantar aos moradores da Casa do Estudante Universit\u00e1rio. Sobre a entrega do kit de distribui\u00e7\u00e3o: O kit contempla a refei\u00e7\u00e3o do dia 09\/04\/2025 (jantar); O agendamento [&hellip;]<\/p>\n","protected":false},"author":652,"featured_media":0,"comment_status":"closed","ping_status":"closed","sticky":false,"template":"","format":"standard","meta":{"footnotes":""},"categories":[1],"tags":[],"class_list":["post-941","post","type-post","status-publish","format-standard","hentry","category-noticias"],"acf":[],"_links":{"self":[{"href":"https:\/\/www.ufsm.br\/orgaos-suplementares\/ru\/wp-json\/wp\/v2\/posts\/941","targetHints":{"allow":["GET"]}}],"collection":[{"href":"https:\/\/www.ufsm.br\/orgaos-suplementares\/ru\/wp-json\/wp\/v2\/posts"}],"about":[{"href":"https:\/\/www.ufsm.br\/orgaos-suplementares\/ru\/wp-json\/wp\/v2\/types\/post"}],"author":[{"embeddable":true,"href":"https:\/\/www.ufsm.br\/orgaos-suplementares\/ru\/wp-json\/wp\/v2\/users\/652"}],"replies":[{"embeddable":true,"href":"https:\/\/www.ufsm.br\/orgaos-suplementares\/ru\/wp-json\/wp\/v2\/comments?post=941"}],"version-history":[{"count":0,"href":"https:\/\/www.ufsm.br\/orgaos-suplementares\/ru\/wp-json\/wp\/v2\/posts\/941\/revisions"}],"wp:attachment":[{"href":"https:\/\/www.ufsm.br\/orgaos-suplementares\/ru\/wp-json\/wp\/v2\/media?parent=941"}],"wp:term":[{"taxonomy":"category","embeddable":true,"href":"https:\/\/www.ufsm.br\/orgaos-suplementares\/ru\/wp-json\/wp\/v2\/categories?post=941"},{"taxonomy":"post_tag","embeddable":true,"href":"https:\/\/www.ufsm.br\/orgaos-suplementares\/ru\/wp-json\/wp\/v2\/tags?post=941"}],"curies":[{"name":"wp","href":"https:\/\/api.w.org\/{rel}","templated":true}]}}