{"id":958,"date":"2025-06-17T23:00:32","date_gmt":"2025-06-18T02:00:32","guid":{"rendered":"https:\/\/www.ufsm.br\/orgaos-suplementares\/ru\/?p=958"},"modified":"2025-06-17T23:02:05","modified_gmt":"2025-06-18T02:02:05","slug":"funcionamento-dos-ru-campus-sede-no-dia-18-06-quarta-feira","status":"publish","type":"post","link":"https:\/\/www.ufsm.br\/orgaos-suplementares\/ru\/2025\/06\/17\/funcionamento-dos-ru-campus-sede-no-dia-18-06-quarta-feira","title":{"rendered":"Funcionamento dos RUs Campus Sede no dia 18\/06 (quarta-feira)"},"content":{"rendered":"\n<p>Considerando que as atividades presenciais, acad\u00eamicas e administrativas n\u00e3o essenciais, est\u00e3o suspensas no campus de Santa Maria nesta quarta-feira (18), conforme <a href=\"https:\/\/ufsm.br\/r-1-69559\">nota<\/a> divulgada na noite do dia 17\/06, informamos que os atendimentos aos usu\u00e1rios estar\u00e3o concentrados no RU Campus I, \u00a0por sua vez, para seguran\u00e7a dos trabalhadores e usu\u00e1rios, as atividades no RU Campus II estar\u00e3o suspensas.\u00a0<\/p>\n\n\n","protected":false},"excerpt":{"rendered":"<p>Considerando que as atividades presenciais, acad\u00eamicas e administrativas n\u00e3o essenciais, est\u00e3o suspensas no campus de Santa Maria nesta quarta-feira (18), conforme nota divulgada na noite do dia 17\/06, informamos que os atendimentos aos usu\u00e1rios estar\u00e3o concentrados no RU Campus I, \u00a0por sua vez, para seguran\u00e7a dos trabalhadores e usu\u00e1rios, as atividades no RU Campus II [&hellip;]<\/p>\n","protected":false},"author":238,"featured_media":0,"comment_status":"closed","ping_status":"closed","sticky":false,"template":"","format":"standard","meta":{"footnotes":""},"categories":[1],"tags":[],"class_list":["post-958","post","type-post","status-publish","format-standard","hentry","category-noticias"],"acf":[],"_links":{"self":[{"href":"https:\/\/www.ufsm.br\/orgaos-suplementares\/ru\/wp-json\/wp\/v2\/posts\/958","targetHints":{"allow":["GET"]}}],"collection":[{"href":"https:\/\/www.ufsm.br\/orgaos-suplementares\/ru\/wp-json\/wp\/v2\/posts"}],"about":[{"href":"https:\/\/www.ufsm.br\/orgaos-suplementares\/ru\/wp-json\/wp\/v2\/types\/post"}],"author":[{"embeddable":true,"href":"https:\/\/www.ufsm.br\/orgaos-suplementares\/ru\/wp-json\/wp\/v2\/users\/238"}],"replies":[{"embeddable":true,"href":"https:\/\/www.ufsm.br\/orgaos-suplementares\/ru\/wp-json\/wp\/v2\/comments?post=958"}],"version-history":[{"count":0,"href":"https:\/\/www.ufsm.br\/orgaos-suplementares\/ru\/wp-json\/wp\/v2\/posts\/958\/revisions"}],"wp:attachment":[{"href":"https:\/\/www.ufsm.br\/orgaos-suplementares\/ru\/wp-json\/wp\/v2\/media?parent=958"}],"wp:term":[{"taxonomy":"category","embeddable":true,"href":"https:\/\/www.ufsm.br\/orgaos-suplementares\/ru\/wp-json\/wp\/v2\/categories?post=958"},{"taxonomy":"post_tag","embeddable":true,"href":"https:\/\/www.ufsm.br\/orgaos-suplementares\/ru\/wp-json\/wp\/v2\/tags?post=958"}],"curies":[{"name":"wp","href":"https:\/\/api.w.org\/{rel}","templated":true}]}}