{"id":961,"date":"2025-06-18T10:51:47","date_gmt":"2025-06-18T13:51:47","guid":{"rendered":"https:\/\/www.ufsm.br\/orgaos-suplementares\/ru\/?p=961"},"modified":"2025-06-18T10:51:47","modified_gmt":"2025-06-18T13:51:47","slug":"funcionamento-do-ru-20-06","status":"publish","type":"post","link":"https:\/\/www.ufsm.br\/orgaos-suplementares\/ru\/2025\/06\/18\/funcionamento-do-ru-20-06","title":{"rendered":"Funcionamento do RU &#8211; 20\/06"},"content":{"rendered":"\n<p>Informamos que, devido ao impacto das fortes chuvas na regi\u00e3o, parte significativa da nossa for\u00e7a de trabalho foi diretamente afetada, inviabilizando o funcionamento regular do RU.<\/p>\n<p>Diante dessa situa\u00e7\u00e3o, as atividades do RU, que j\u00e1 estavam suspensas no dia 19\/06 devido ao feriado, estar\u00e3o suspensas tamb\u00e9m no dia 20\/06, com previs\u00e3o de retomada no dia 21\/06 (s\u00e1bado).<\/p>\n<p>Assim, a distribui\u00e7\u00e3o dos kits de hoje para moradores ser\u00e1 referente aos dois dias (19 e 20\/06), contemplando cada refei\u00e7\u00e3o (caf\u00e9 da manh\u00e3, almo\u00e7o e jantar) oferecida.<\/p>\n<p>Refor\u00e7amos que, para s\u00e1bado e domingo, os hor\u00e1rios ser\u00e3o os do final de semana, e as refei\u00e7\u00f5es dever\u00e3o ser agendadas normalmente.<\/p>\n<p>\u00a0<\/p>\n<p>\u00a0<\/p>\n\n\n\n\n","protected":false},"excerpt":{"rendered":"<p>Informamos que, devido ao impacto das fortes chuvas na regi\u00e3o, parte significativa da nossa for\u00e7a de trabalho foi diretamente afetada, inviabilizando o funcionamento regular do RU. Diante dessa situa\u00e7\u00e3o, as atividades do RU, que j\u00e1 estavam suspensas no dia 19\/06 devido ao feriado, estar\u00e3o suspensas tamb\u00e9m no dia 20\/06, com previs\u00e3o de retomada no dia [&hellip;]<\/p>\n","protected":false},"author":652,"featured_media":0,"comment_status":"closed","ping_status":"closed","sticky":false,"template":"","format":"standard","meta":{"footnotes":""},"categories":[1],"tags":[],"class_list":["post-961","post","type-post","status-publish","format-standard","hentry","category-noticias"],"acf":[],"_links":{"self":[{"href":"https:\/\/www.ufsm.br\/orgaos-suplementares\/ru\/wp-json\/wp\/v2\/posts\/961","targetHints":{"allow":["GET"]}}],"collection":[{"href":"https:\/\/www.ufsm.br\/orgaos-suplementares\/ru\/wp-json\/wp\/v2\/posts"}],"about":[{"href":"https:\/\/www.ufsm.br\/orgaos-suplementares\/ru\/wp-json\/wp\/v2\/types\/post"}],"author":[{"embeddable":true,"href":"https:\/\/www.ufsm.br\/orgaos-suplementares\/ru\/wp-json\/wp\/v2\/users\/652"}],"replies":[{"embeddable":true,"href":"https:\/\/www.ufsm.br\/orgaos-suplementares\/ru\/wp-json\/wp\/v2\/comments?post=961"}],"version-history":[{"count":0,"href":"https:\/\/www.ufsm.br\/orgaos-suplementares\/ru\/wp-json\/wp\/v2\/posts\/961\/revisions"}],"wp:attachment":[{"href":"https:\/\/www.ufsm.br\/orgaos-suplementares\/ru\/wp-json\/wp\/v2\/media?parent=961"}],"wp:term":[{"taxonomy":"category","embeddable":true,"href":"https:\/\/www.ufsm.br\/orgaos-suplementares\/ru\/wp-json\/wp\/v2\/categories?post=961"},{"taxonomy":"post_tag","embeddable":true,"href":"https:\/\/www.ufsm.br\/orgaos-suplementares\/ru\/wp-json\/wp\/v2\/tags?post=961"}],"curies":[{"name":"wp","href":"https:\/\/api.w.org\/{rel}","templated":true}]}}