{"id":967,"date":"2025-07-09T10:33:59","date_gmt":"2025-07-09T13:33:59","guid":{"rendered":"https:\/\/www.ufsm.br\/orgaos-suplementares\/ru\/?p=967"},"modified":"2025-07-17T10:52:22","modified_gmt":"2025-07-17T13:52:22","slug":"cronograma-dos-rus-para-final-do-1o-semestre-de-2025","status":"publish","type":"post","link":"https:\/\/www.ufsm.br\/orgaos-suplementares\/ru\/2025\/07\/09\/cronograma-dos-rus-para-final-do-1o-semestre-de-2025","title":{"rendered":"Hor\u00e1rio de atendimento dos RUs para final do 1\u00ba semestre de 2025"},"content":{"rendered":"\n<p>O Restaurante Universit\u00e1rio (RU) informa os hor\u00e1rios de funcionamento dos RUs para o final do semestre e per\u00edodo das f\u00e9rias de inverno da UFSM.<\/p>\n<p>O <strong>RU campus II<\/strong> atender\u00e1 do dia 21\/07 a 25\/07 &#8211; na primeira semana o <strong>RU I estar\u00e1 FECHADO<\/strong> para manuten\u00e7\u00f5es internas.<\/p>\n<p>O<strong> RU campus I<\/strong> atender\u00e1 do dia 28\/07 a 01\/08 &#8211; na segunda semana o <strong>RU II estar\u00e1 FECHADO<\/strong> para manuten\u00e7\u00f5es internas.<\/p>\n<p>A partir do dia <strong>21\/07\/25 (segunda-feira)<\/strong>, durante as f\u00e9rias, os hor\u00e1rios ser\u00e3o reduzidos, fechando aos finais de semana. Aos moradores da CEU ser\u00e1 disponibilizado Kits de Distribui\u00e7\u00e3o a serem retirados nas sextas \u00e0 tarde (das 15:30 \u00e0s 17h), conforme tabela abaixo:<\/p>\n<p>\u00a0<\/p>\n<table style=\"width: 100%\">\n<tbody>\n<tr>\n<td style=\"text-align: center;width: 35.6675%\"><strong>REFEI\u00c7\u00c3O<\/strong><\/td>\n<td style=\"text-align: center;width: 37.3037%\"><strong>Hor\u00e1rios<\/strong><\/td>\n<\/tr>\n<tr>\n<td style=\"text-align: center;width: 35.6675%\">Caf\u00e9 da Manh\u00e3<\/td>\n<td style=\"text-align: center;width: 37.3037%\">08h \u00e0s 09h30<\/td>\n<\/tr>\n<tr>\n<td style=\"text-align: center;width: 35.6675%\">Almo\u00e7o<\/td>\n<td style=\"text-align: center;width: 37.3037%\">11:30h \u00e0s 13:30h<\/td>\n<\/tr>\n<tr>\n<td style=\"text-align: center;width: 35.6675%\">Kit de distribui\u00e7\u00e3o (sexta-feira)<\/td>\n<td style=\"text-align: center;width: 37.3037%\">15:30h \u00e0s 17h<\/td>\n<\/tr>\n<tr>\n<td style=\"text-align: center;width: 35.6675%\">Jantar<\/td>\n<td style=\"text-align: center;width: 37.3037%\">18h \u00e0s 19h30<\/td>\n<\/tr>\n<tr>\n<td style=\"text-align: center;width: 35.6675%\">\n<p>Marmitex<\/p>\n<p>(previamente autorizados pela Sa\u00fade da Casa ou CAED)<\/p>\n<\/td>\n<td style=\"text-align: center;width: 37.3037%\">\n<p>11h30 \u00e0s 13h (almo\u00e7o)<\/p>\n<p>17:30 \u00e0s 19h (jantar)<\/p>\n<\/td>\n<\/tr>\n<\/tbody>\n<\/table>\n<p>\u00a0<\/p>\n<p><strong>Demais servi\u00e7os (de 21\/07\/25 a 01\/08\/25):<\/strong><\/p>\n<p>O hor\u00e1rios dos <strong>caixas de recarga<\/strong>, durante as f\u00e9rias, ser\u00e3o de segunda a sexta, das <strong>08h \u00e0s 19:30<\/strong>.<\/p>\n<p>E a <strong>secretaria do RU<\/strong> estar\u00e1 aberta para atendimento externo, de segunda a sexta, das <strong>09h \u00e0s 13h<\/strong>.<\/p>\n<p>Para demais esclarecimentos: secretaria.ru@ufsm.br<\/p>\n\n\n","protected":false},"excerpt":{"rendered":"<p>O Restaurante Universit\u00e1rio (RU) informa os hor\u00e1rios de funcionamento dos RUs para o final do semestre e per\u00edodo das f\u00e9rias de inverno da UFSM. O RU campus II atender\u00e1 do dia 21\/07 a 25\/07 &#8211; na primeira semana o RU I estar\u00e1 FECHADO para manuten\u00e7\u00f5es internas. O RU campus I atender\u00e1 do dia 28\/07 a [&hellip;]<\/p>\n","protected":false},"author":7385,"featured_media":0,"comment_status":"closed","ping_status":"closed","sticky":false,"template":"","format":"standard","meta":{"footnotes":""},"categories":[1],"tags":[],"class_list":["post-967","post","type-post","status-publish","format-standard","hentry","category-noticias"],"acf":[],"_links":{"self":[{"href":"https:\/\/www.ufsm.br\/orgaos-suplementares\/ru\/wp-json\/wp\/v2\/posts\/967","targetHints":{"allow":["GET"]}}],"collection":[{"href":"https:\/\/www.ufsm.br\/orgaos-suplementares\/ru\/wp-json\/wp\/v2\/posts"}],"about":[{"href":"https:\/\/www.ufsm.br\/orgaos-suplementares\/ru\/wp-json\/wp\/v2\/types\/post"}],"author":[{"embeddable":true,"href":"https:\/\/www.ufsm.br\/orgaos-suplementares\/ru\/wp-json\/wp\/v2\/users\/7385"}],"replies":[{"embeddable":true,"href":"https:\/\/www.ufsm.br\/orgaos-suplementares\/ru\/wp-json\/wp\/v2\/comments?post=967"}],"version-history":[{"count":0,"href":"https:\/\/www.ufsm.br\/orgaos-suplementares\/ru\/wp-json\/wp\/v2\/posts\/967\/revisions"}],"wp:attachment":[{"href":"https:\/\/www.ufsm.br\/orgaos-suplementares\/ru\/wp-json\/wp\/v2\/media?parent=967"}],"wp:term":[{"taxonomy":"category","embeddable":true,"href":"https:\/\/www.ufsm.br\/orgaos-suplementares\/ru\/wp-json\/wp\/v2\/categories?post=967"},{"taxonomy":"post_tag","embeddable":true,"href":"https:\/\/www.ufsm.br\/orgaos-suplementares\/ru\/wp-json\/wp\/v2\/tags?post=967"}],"curies":[{"name":"wp","href":"https:\/\/api.w.org\/{rel}","templated":true}]}}