{"id":97,"date":"2016-08-01T18:08:24","date_gmt":"2016-08-01T21:08:24","guid":{"rendered":"https:\/\/www.ufsm.br\/orgaos-suplementares\/ru\/2016\/08\/01\/nao-havera-expediente-externo-na-secretaria-nesta-terca-feira-02-de-agosto\/"},"modified":"2016-08-01T18:08:24","modified_gmt":"2016-08-01T21:08:24","slug":"nao-havera-expediente-externo-na-secretaria-nesta-terca-feira-02-de-agosto","status":"publish","type":"post","link":"https:\/\/www.ufsm.br\/orgaos-suplementares\/ru\/2016\/08\/01\/nao-havera-expediente-externo-na-secretaria-nesta-terca-feira-02-de-agosto","title":{"rendered":"N\u00e3o haver\u00e1 expediente externo na secretaria nesta ter\u00e7a-feira, 02 de agosto"},"content":{"rendered":"<p style=\"text-align: justify;\"><span style=\"font-family: helvetica; font-size: 12pt;\">A Administra&ccedil;&atilde;o do RU informa que nesta ter&ccedil;a-feira, dia 02 de agosto, n&atilde;o haver&aacute; atendimento na Secretaria, tendo em vista &nbsp;atividade externa dos colaboradores, na semana de capacita&ccedil;&atilde;o, bem como, a higieniza&ccedil;&atilde;o das caixas d&#8217;&aacute;gua do pr&eacute;dio da Uni&atilde;o, o que impossibilita atividades no restaurante.<\/span><\/p>\n","protected":false},"excerpt":{"rendered":"<p>A Administra&ccedil;&atilde;o do RU informa que nesta ter&ccedil;a-feira, dia 02 de agosto, n&atilde;o haver&aacute; atendimento na Secretaria, tendo em vista &nbsp;atividade externa dos colaboradores, na semana de capacita&ccedil;&atilde;o, bem como, a higieniza&ccedil;&atilde;o das caixas d&#8217;&aacute;gua do pr&eacute;dio da Uni&atilde;o, o que impossibilita atividades no restaurante.<\/p>\n","protected":false},"author":8,"featured_media":0,"comment_status":"closed","ping_status":"closed","sticky":false,"template":"","format":"standard","meta":{"footnotes":""},"categories":[1],"tags":[],"class_list":["post-97","post","type-post","status-publish","format-standard","hentry","category-noticias"],"acf":[],"_links":{"self":[{"href":"https:\/\/www.ufsm.br\/orgaos-suplementares\/ru\/wp-json\/wp\/v2\/posts\/97","targetHints":{"allow":["GET"]}}],"collection":[{"href":"https:\/\/www.ufsm.br\/orgaos-suplementares\/ru\/wp-json\/wp\/v2\/posts"}],"about":[{"href":"https:\/\/www.ufsm.br\/orgaos-suplementares\/ru\/wp-json\/wp\/v2\/types\/post"}],"author":[{"embeddable":true,"href":"https:\/\/www.ufsm.br\/orgaos-suplementares\/ru\/wp-json\/wp\/v2\/users\/8"}],"replies":[{"embeddable":true,"href":"https:\/\/www.ufsm.br\/orgaos-suplementares\/ru\/wp-json\/wp\/v2\/comments?post=97"}],"version-history":[{"count":0,"href":"https:\/\/www.ufsm.br\/orgaos-suplementares\/ru\/wp-json\/wp\/v2\/posts\/97\/revisions"}],"wp:attachment":[{"href":"https:\/\/www.ufsm.br\/orgaos-suplementares\/ru\/wp-json\/wp\/v2\/media?parent=97"}],"wp:term":[{"taxonomy":"category","embeddable":true,"href":"https:\/\/www.ufsm.br\/orgaos-suplementares\/ru\/wp-json\/wp\/v2\/categories?post=97"},{"taxonomy":"post_tag","embeddable":true,"href":"https:\/\/www.ufsm.br\/orgaos-suplementares\/ru\/wp-json\/wp\/v2\/tags?post=97"}],"curies":[{"name":"wp","href":"https:\/\/api.w.org\/{rel}","templated":true}]}}