{"id":972,"date":"2025-07-22T12:29:53","date_gmt":"2025-07-22T15:29:53","guid":{"rendered":"https:\/\/www.ufsm.br\/orgaos-suplementares\/ru\/?p=972"},"modified":"2025-07-22T12:29:53","modified_gmt":"2025-07-22T15:29:53","slug":"recesso-academico-2025-1-finais-de-semana-kits-de-distribuicao-a-moradores-das-ceus","status":"publish","type":"post","link":"https:\/\/www.ufsm.br\/orgaos-suplementares\/ru\/2025\/07\/22\/recesso-academico-2025-1-finais-de-semana-kits-de-distribuicao-a-moradores-das-ceus","title":{"rendered":"Recesso Acad\u00eamico 2025\/1 &#8211; Finais de Semana &#8211; Kits de distribui\u00e7\u00e3o a moradores das CEU&#8217;s"},"content":{"rendered":"\n<p>O Restaurante Universit\u00e1rio informa que estar\u00e1\u00a0<strong>FECHADO<\/strong> nos dias 26 e 27 de julho de 2025, e tamb\u00e9m nos dias 02 e 03 de agosto de 2025 (s\u00e1bado e domingo).<\/p>\n<p><strong>Motivo:<\/strong> Recesso Acad\u00eamico do 1\u00ba Semestre de 2025<\/p>\n<p>Assim ser\u00e3o ofertados kits de distribui\u00e7\u00e3o aos moradores das Casas do Estudante Universit\u00e1rio (CEU&#8217;s).<\/p>\n<ul>\n<li>Os kits contemplam todas as refei\u00e7\u00f5es de ambos os dias, ou seja, caf\u00e9, almo\u00e7o e jantar de s\u00e1bado e domingo;<\/li>\n<li>O prazo de agendamento ser\u00e1 de segunda at\u00e9 as 12h de quinta-feira;<\/li>\n<li>A entrega dos kits acontece no <span style=\"text-decoration: underline\"><strong>refeit\u00f3rio do RU I<\/strong><\/span> na sexta-feira das 15h30min \u00e0s 17h;<\/li>\n<li>Os usu\u00e1rios dever\u00e3o trazer recursos (sacolas, caixas, entre outros) para acondicionamento e transporte dos g\u00eaneros aliment\u00edcios.<\/li>\n<\/ul>\n<p>A retirada do kit por terceiros \u00e9 poss\u00edvel neste caso, visto que a entrega ocorre em um dia de semana.<\/p>\n<p>Para autorizar um terceiro a retirar seu Kit, \u00e9 necess\u00e1rio enviar para o e-mail da secretaria do RU (secretaria.ru@ufsm.br) o seguinte:<\/p>\n<ul>\n<li>Comprovante de matr\u00edcula ou termo de est\u00e1gio (comprovando atividade acad\u00eamica no mesmo hor\u00e1rio da distribui\u00e7\u00e3o), ou atestado m\u00e9dico se por motivo de sa\u00fade;<\/li>\n<li>Para outras atividades acad\u00eamicas, pode ser enviado um e-mail do professor respons\u00e1vel atestando que o aluno estar\u00e1 em atividade.<\/li>\n<li>Seu nome completo e n\u00famero de matr\u00edcula;<\/li>\n<li>Nome completo e n\u00famero de matr\u00edcula da pessoa autorizada a retirar seu Kit.<\/li>\n<\/ul>\n<p><span style=\"text-decoration: underline\"><strong>IMPORTANTE:\u00a0<\/strong> o e-mail deve ser enviado <strong>at\u00e9 as 12h do dia da entrega do kit de distribui\u00e7\u00e3o, sexta-feira.<\/strong><\/span><\/p>\n<p>Mais informa\u00e7\u00f5es na secretaria do RU ou pelo e-mail secretaria.ru@ufsm.br<\/p>\n","protected":false},"excerpt":{"rendered":"<p>O Restaurante Universit\u00e1rio informa que estar\u00e1\u00a0FECHADO nos dias 26 e 27 de julho de 2025, e tamb\u00e9m nos dias 02 e 03 de agosto de 2025 (s\u00e1bado e domingo). Motivo: Recesso Acad\u00eamico do 1\u00ba Semestre de 2025 Assim ser\u00e3o ofertados kits de distribui\u00e7\u00e3o aos moradores das Casas do Estudante Universit\u00e1rio (CEU&#8217;s). Os kits contemplam todas [&hellip;]<\/p>\n","protected":false},"author":652,"featured_media":0,"comment_status":"closed","ping_status":"closed","sticky":false,"template":"","format":"standard","meta":{"footnotes":""},"categories":[1],"tags":[],"class_list":["post-972","post","type-post","status-publish","format-standard","hentry","category-noticias"],"acf":[],"_links":{"self":[{"href":"https:\/\/www.ufsm.br\/orgaos-suplementares\/ru\/wp-json\/wp\/v2\/posts\/972","targetHints":{"allow":["GET"]}}],"collection":[{"href":"https:\/\/www.ufsm.br\/orgaos-suplementares\/ru\/wp-json\/wp\/v2\/posts"}],"about":[{"href":"https:\/\/www.ufsm.br\/orgaos-suplementares\/ru\/wp-json\/wp\/v2\/types\/post"}],"author":[{"embeddable":true,"href":"https:\/\/www.ufsm.br\/orgaos-suplementares\/ru\/wp-json\/wp\/v2\/users\/652"}],"replies":[{"embeddable":true,"href":"https:\/\/www.ufsm.br\/orgaos-suplementares\/ru\/wp-json\/wp\/v2\/comments?post=972"}],"version-history":[{"count":0,"href":"https:\/\/www.ufsm.br\/orgaos-suplementares\/ru\/wp-json\/wp\/v2\/posts\/972\/revisions"}],"wp:attachment":[{"href":"https:\/\/www.ufsm.br\/orgaos-suplementares\/ru\/wp-json\/wp\/v2\/media?parent=972"}],"wp:term":[{"taxonomy":"category","embeddable":true,"href":"https:\/\/www.ufsm.br\/orgaos-suplementares\/ru\/wp-json\/wp\/v2\/categories?post=972"},{"taxonomy":"post_tag","embeddable":true,"href":"https:\/\/www.ufsm.br\/orgaos-suplementares\/ru\/wp-json\/wp\/v2\/tags?post=972"}],"curies":[{"name":"wp","href":"https:\/\/api.w.org\/{rel}","templated":true}]}}